{"id":135704,"date":"2024-05-24T12:02:54","date_gmt":"2024-05-24T15:02:54","guid":{"rendered":"https:\/\/vinasfm.com\/noticias\/?p=135704"},"modified":"2024-05-27T10:21:13","modified_gmt":"2024-05-27T13:21:13","slug":"con-profundo-dolor-la-multisectorial-alvear-despidio-a-carlos-achetoni","status":"publish","type":"post","link":"https:\/\/vinasfm.com\/noticias\/con-profundo-dolor-la-multisectorial-alvear-despidio-a-carlos-achetoni\/","title":{"rendered":"CON PROFUNDO DOLOR, LA MULTISECTORIAL ALVEAR DESPIDI\u00d3 A CARLOS ACHETONI"},"content":{"rendered":"<p><strong>El trabajo de Achetoni en la comunidad productora de General Alvar se vio marcado por su temple y firmeza, luchado por y para los agricultores.\u00a0<\/strong><\/p>\n<p>Desde la Federaci\u00f3n Agraria Argentina confirmaron a primera hora el fallecimiento el productor de\u00a0 57 a\u00f1os. Su fallecimiento conmovio a toda la comunidad, sobre todo a aquellos que trabajaron y lucharon a su lado por los derechos del agricultor.<\/p>\n<p>Con profundo dolor, la Multisectorial General Alvear despidi\u00f3 a Carlos Achetoni.<\/p>\n<p><strong>La Multisectorial de General Alvear despide con profundo dolor a Carlos Achetoni. Actual Presidente de Federaci\u00f3n Agraria Argentina, pero para nosotros nuestro amigo.<\/strong><\/p>\n<p><strong>Hoy te fuiste, sin saber que era el \u00faltimo d\u00eda.<\/strong><\/p>\n<p><strong>Hoy nuestra comunidad pierde un gran luchador, amigo y patriota. Justo un d\u00eda antes del Aniversario de la Revoluci\u00f3n de Mayo. Y vos Carlos, fuiste un revolucionario donde te toc\u00f3 estar. Con tu temple especial y tu mano firme. Promoviste acciones, hechos, cambios. No elegiste el lugar c\u00f3modo y tranquilo.<\/strong><\/p>\n<p><strong>Fuiste padre, esposo, amigo, agricultor, Presidente de Federaci\u00f3n Agraria Argentina, y con nosotros, defensor del agua y la vida. Llevaste la 7722 como bandera adonde fuiste.<\/strong><\/p>\n<p><strong>Tus manos un d\u00eda dejaron la pala para luchar por los derechos del agricultor desde otro lugar. Pero tus valores y convicciones siguieron siendo las mismas.<\/strong><\/p>\n<p><strong>No te olvidaste nunca de tu querido Bowen, adonde quiz\u00e1 estar\u00edas viajando cuando dijiste hasta siempre.<\/strong><\/p>\n<p><strong>Estar\u00e1s en los recuerdos de todos los que compartieron con vos alguna de las tantas acciones que hiciste.<\/strong><\/p>\n<p><strong>Descansa en paz, sabiendo que la semilla que sembraste seguramente dar\u00e1 sus frutos en las manos de tus hijos y de la comunidad que tanto amaste.<\/strong><\/p>\n<p><strong>Acompa\u00f1amos a toda su familia en este dif\u00edcil momento y rezamos por el descanso eterno de nuestro querido Carlos.<\/strong><\/p>\n<p><strong>\u00a1Hasta siempre amigo!<\/strong><\/p>\n","protected":false},"excerpt":{"rendered":"<p>El trabajo de Achetoni en la comunidad productora de General Alvar se vio marcado por su temple y firmeza, luchado por &#8230;<\/p>\n","protected":false},"author":7,"featured_media":79409,"comment_status":"open","ping_status":"open","sticky":false,"template":"","format":"standard","meta":{"footnotes":""},"categories":[5,11],"tags":[],"class_list":["post-135704","post","type-post","status-publish","format-standard","has-post-thumbnail","hentry","category-actualidad","category-sociales"],"_links":{"self":[{"href":"https:\/\/vinasfm.com\/noticias\/wp-json\/wp\/v2\/posts\/135704","targetHints":{"allow":["GET"]}}],"collection":[{"href":"https:\/\/vinasfm.com\/noticias\/wp-json\/wp\/v2\/posts"}],"about":[{"href":"https:\/\/vinasfm.com\/noticias\/wp-json\/wp\/v2\/types\/post"}],"author":[{"embeddable":true,"href":"https:\/\/vinasfm.com\/noticias\/wp-json\/wp\/v2\/users\/7"}],"replies":[{"embeddable":true,"href":"https:\/\/vinasfm.com\/noticias\/wp-json\/wp\/v2\/comments?post=135704"}],"version-history":[{"count":1,"href":"https:\/\/vinasfm.com\/noticias\/wp-json\/wp\/v2\/posts\/135704\/revisions"}],"predecessor-version":[{"id":135708,"href":"https:\/\/vinasfm.com\/noticias\/wp-json\/wp\/v2\/posts\/135704\/revisions\/135708"}],"wp:featuredmedia":[{"embeddable":true,"href":"https:\/\/vinasfm.com\/noticias\/wp-json\/wp\/v2\/media\/79409"}],"wp:attachment":[{"href":"https:\/\/vinasfm.com\/noticias\/wp-json\/wp\/v2\/media?parent=135704"}],"wp:term":[{"taxonomy":"category","embeddable":true,"href":"https:\/\/vinasfm.com\/noticias\/wp-json\/wp\/v2\/categories?post=135704"},{"taxonomy":"post_tag","embeddable":true,"href":"https:\/\/vinasfm.com\/noticias\/wp-json\/wp\/v2\/tags?post=135704"}],"curies":[{"name":"wp","href":"https:\/\/api.w.org\/{rel}","templated":true}]}}