{"id":135622,"date":"2024-05-23T08:16:34","date_gmt":"2024-05-23T11:16:34","guid":{"rendered":"https:\/\/vinasfm.com\/noticias\/?p=135622"},"modified":"2024-05-24T08:40:02","modified_gmt":"2024-05-24T11:40:02","slug":"mendoza-ses-umo-a-la-mesa-del-cobre","status":"publish","type":"post","link":"https:\/\/vinasfm.com\/noticias\/mendoza-ses-umo-a-la-mesa-del-cobre\/","title":{"rendered":"MENDOZA SE SUM\u00d3 A LA MESA DEL COBRE"},"content":{"rendered":"<h4><span style=\"color: #000000;\">El Gobernador mendocino firm\u00f3 el acuerdo junto a sus pares de San Juan, Jujuy, Salta y Catamarca. El objetivo es impulsar en conjunto la industria cupr\u00edfera. El mandatario sostuvo que \u201cla parte pol\u00edtica est\u00e1 haciendo la tarea para que haya miner\u00eda sustentable en Mendoza\u201d.<\/span><\/h4>\n<p><span style=\"color: #000000;\">Este mi\u00e9rcoles, en el marco de la Expo San Juan Minera 2024, el Gobernador Alfredo Cornejo firm\u00f3 el acuerdo que oficializa el ingreso de Mendoza a la Mesa del Cobre. El convenio se realiz\u00f3 junto a sus pares de San Juan, Marcelo Orrego; de Salta, Gustavo S\u00e1enz; de Jujuy, Carlos Sadir, y de Catamarca, Ra\u00fal Jalil, y al secretario de Miner\u00eda de la Naci\u00f3n, Luis Lucero. Esta acci\u00f3n es un paso fundamental para la creaci\u00f3n de un ente interprovincial que d\u00e9 impulso a un metal crucial para la transici\u00f3n energ\u00e9tica.<\/span><\/p>\n<h2><span style=\"color: #000000;\"><strong>\u00bfQu\u00e9 es la Mesa del Cobre?<\/strong><\/span><\/h2>\n<p><span style=\"color: #000000;\">La Mesa del Cobre es un espacio creado a semejanza de la Mesa del Litio. Est\u00e1 integrada por los gobernadores de Salta, Catamarca, San Juan y Mendoza. El nuevo espacio surgi\u00f3 en Bruselas, B\u00e9lgica, por los gobernadores de Salta, Gustavo S\u00e1enz; de Catamarca, Ra\u00fal Jalil, y de San Juan, Marcelo Orrego, en el marco de una misi\u00f3n comercial a la Uni\u00f3n Europea.<\/span><\/p>\n<p><span style=\"color: #000000;\">Esta mesa es clave, ya que Argentina no produce cobre desde que la mina La Alumbrera cerr\u00f3 en 2018, pero tiene una cartera de proyectos que podr\u00edan posicionarla entre los principales productores globales, con un potencial geol\u00f3gico que atrae a inversores nacionales e internacionales.<\/span><\/p>\n<p><span style=\"color: #000000;\">En la conformaci\u00f3n de la mesa junto con Mendoza, se potencian las voluntades de las provincias y las empresas mineras detr\u00e1s de los proyectos de cobre con los que Argentina podr\u00eda convertirse en un productor mundial destacado.<\/span><\/p>\n<p><span style=\"color: #000000;\">Luego de la firma del acuerdo entre los gobernadores y el secretario de Miner\u00eda de la Naci\u00f3n, los presentes brindaron algunas palabras.<\/span><\/p>\n<p><a href=\"https:\/\/vinasfm.com\/noticias\/wp-content\/uploads\/2024\/05\/DSC_6192-700x466-1.jpg\"><img loading=\"lazy\" decoding=\"async\" class=\"alignnone wp-image-135624\" src=\"https:\/\/vinasfm.com\/noticias\/wp-content\/uploads\/2024\/05\/DSC_6192-700x466-1.jpg\" alt=\"\" width=\"500\" height=\"333\" srcset=\"https:\/\/vinasfm.com\/noticias\/wp-content\/uploads\/2024\/05\/DSC_6192-700x466-1.jpg 700w, https:\/\/vinasfm.com\/noticias\/wp-content\/uploads\/2024\/05\/DSC_6192-700x466-1-300x200.jpg 300w\" sizes=\"auto, (max-width: 500px) 100vw, 500px\" \/><\/a><\/p>\n<h6>Alfredo Cornejo en la Expo San Juan Minera 2024.<\/h6>\n<h3><span style=\"color: #000000;\"><strong>\u201cLa parte pol\u00edtica est\u00e1 haciendo la tarea para que haya miner\u00eda sustentable en Mendoza\u201d<\/strong><\/span><\/h3>\n<p><span style=\"color: #000000;\">Cornejo puntualiz\u00f3 en que<strong> \u201cparticipar de la Mesa del Cobre para Mendoza es un gran avance\u201d.<\/strong> Y a\u00f1adi\u00f3 que <em><strong>\u201ccon la coordinaci\u00f3n y la ayuda y el liderazgo del Gobierno nacional se abre una oportunidad para explotar la miner\u00eda en Mendoza\u201d.<\/strong><\/em><\/span><\/p>\n<p><span style=\"color: #000000;\"><em><strong>\u201cHay una ventana de oportunidades que nos est\u00e1 dando el mundo\u201d<\/strong><\/em>, sostuvo el Gobernador de Mendoza. Asimismo, se\u00f1al\u00f3 que <strong><em>\u201choy hacer miner\u00eda sustentable es m\u00e1s sustentable que nunca, porque hacer miner\u00eda hoy es justamente cuidar el medio ambiente. Esa transici\u00f3n energ\u00e9tica necesita de estos minerales que tenemos en nuestro subsuelo y necesitamos sacarlos\u201d.<\/em><\/strong><\/span><\/p>\n<p><span style=\"color: #000000;\">El mandatario mendocino remarc\u00f3: <em><strong>\u201cNecesitamos grandes inversiones, inversiones de riesgo, inversiones que apunten a hacerlo de forma sostenible y sostenida en el tiempo, con solvencia t\u00e9cnica, sin contaminaci\u00f3n. Eso la tecnolog\u00eda hoy lo garantiza\u201d.<\/strong><\/em><\/span><\/p>\n<p><span style=\"color: #000000;\">Adem\u00e1s, Cornejo mencion\u00f3 los beneficios de la miner\u00eda para todas las actividades econ\u00f3micas. <em><strong>\u201cAumenta el promedio salarial, mejora el consumo, genera una calidad de vida distinta y eso es lo que queremos para nuestras provincias\u201d<\/strong><\/em>, asever\u00f3.<\/span><\/p>\n<p><span style=\"color: #000000;\">Antes de finalizar sus palabras, el Gobernador se\u00f1al\u00f3: <em><strong>\u201cEstamos venciendo las resistencias con mucho apoyo pol\u00edtico. Nos ha apoyado parte de la oposici\u00f3n, no es solo el oficialismo quien est\u00e1 encabezando esta tarea en Mendoza sino hay parte de la oposici\u00f3n que est\u00e1 llev\u00e1ndolo a cabo\u201d.<\/strong><\/em> En este sentido, destac\u00f3 la presencia del intendente de Malarg\u00fce, Celso Jaque.<\/span><\/p>\n<p><span style=\"color: #000000;\"><em><strong>\u201cLa parte pol\u00edtica est\u00e1 haciendo la tarea para que haya miner\u00eda sustentable en Mendoza\u201d<\/strong><\/em>, afirm\u00f3 Cornejo.<\/span><\/p>\n<h3><span style=\"color: #000000;\"><strong>\u201cLa constituci\u00f3n de la Mesa del Cobre es un acontecimiento hist\u00f3rico\u201d<\/strong><\/span><\/h3>\n<p><span style=\"color: #000000;\">El secretario de Miner\u00eda de la Naci\u00f3n, Luis Lucero, en tanto, destac\u00f3 que la <em><strong>\u201cconstituci\u00f3n de la Mesa del Cobre es un acontecimiento hist\u00f3rico, y creo que es una muestra de una visi\u00f3n estrat\u00e9gica que quiero poner de resalto por parte de los gobernadores que han decidido firmarla\u201d.<\/strong><\/em><\/span><\/p>\n<p><span style=\"color: #000000;\"><em><strong>\u201cEl mundo est\u00e1 viviendo bajo un paradigma de cooperaci\u00f3n, y esa cooperaci\u00f3n se est\u00e1 poniendo en manifiesto en muchos aspectos, pero especialmente en c\u00f3mo el mundo se est\u00e1 acercando hacia Argentina, para ver qu\u00e9 oportunidades de adquirir los productos que tenemos que producir en materia de minerales cr\u00edticos\u201d<\/strong><\/em>, asegur\u00f3.<\/span><\/p>\n<p><span style=\"color: #000000;\"><em><strong>\u201cEsta Mesa del Cobre, como lo fue antes la Mesa del Litio, es entender que cooperando, deponiendo a veces alg\u00fan inter\u00e9s particular, se logra un inter\u00e9s general mucho mayor. Es la forma id\u00f3nea de lograr la infraestructura que nos hace falta para poner en marcha los proyectos que todos estamos reclamando\u201d.<\/strong><\/em><\/span><\/p>\n<p><a href=\"https:\/\/vinasfm.com\/noticias\/wp-content\/uploads\/2024\/05\/DSC_6145-700x466-1.jpg\"><img loading=\"lazy\" decoding=\"async\" class=\"alignnone wp-image-135625\" src=\"https:\/\/vinasfm.com\/noticias\/wp-content\/uploads\/2024\/05\/DSC_6145-700x466-1.jpg\" alt=\"\" width=\"500\" height=\"333\" srcset=\"https:\/\/vinasfm.com\/noticias\/wp-content\/uploads\/2024\/05\/DSC_6145-700x466-1.jpg 700w, https:\/\/vinasfm.com\/noticias\/wp-content\/uploads\/2024\/05\/DSC_6145-700x466-1-300x200.jpg 300w\" sizes=\"auto, (max-width: 500px) 100vw, 500px\" \/><\/a><\/p>\n<h6>Mendoza se sum\u00f3 a la mesa del cobre.<\/h6>\n<h3><span style=\"color: #000000;\"><strong>\u201cEsto es un paso m\u00e1s para que muchas empresas inviertan\u201d<\/strong><\/span><\/h3>\n<p><span style=\"color: #000000;\">El gobernador Jalil, por su parte, destac\u00f3 la importancia de la miner\u00eda en Argentina y la expectativa por nuevas leyes para estimular la inversi\u00f3n en el sector: <em><strong>\u201cTenemos mucha expectativa por las leyes que se est\u00e1n debatiendo en la Naci\u00f3n. Tenemos una ley de inversi\u00f3n minera. Esto es un paso m\u00e1s para que muchas empresas inviertan\u201d.<\/strong><\/em><\/span><\/p>\n<p><span style=\"color: #000000;\">Tambi\u00e9n se\u00f1al\u00f3 la necesidad de desarrollar proveedores y capacitar a la poblaci\u00f3n para aprovechar el potencial econ\u00f3mico y energ\u00e9tico de la miner\u00eda. <em><strong>\u201cEs muy bueno que tanto los legisladores nacionales como todos los que estamos ac\u00e1 definamos y defendamos lo que se est\u00e1 debatiendo en la Naci\u00f3n. Esto va a permitir que catamarque\u00f1os, sanjuaninos, salte\u00f1os, juje\u00f1os, y mendocinos tengan la posibilidad de tener trabajo y mejorar la calidad de vida\u201d.<\/strong><\/em><\/span><\/p>\n<h3><span style=\"color: #000000;\"><strong>\u201cArgentina tiene que ocupar un lugar de privilegio en el mercado mundial de minerales\u201d<\/strong><\/span><\/h3>\n<p><span style=\"color: #000000;\">El gobernador de Jujuy, Carlos Sadir, subray\u00f3 la importancia de la miner\u00eda para el desarrollo y crecimiento econ\u00f3mico del pa\u00eds. <em><strong>\u201cArgentina tiene que ocupar un lugar de privilegio en el mercado mundial de minerales. Eso seguramente se va a dar en funci\u00f3n de todo lo que podamos trabajar conjuntamente y particularmente en el cobre, siendo que tanto el cobre como el litio son minerales tan importantes\u201d.<\/strong><\/em><\/span><\/p>\n<h3><span style=\"color: #000000;\"><strong>\u201cPodemos trabajar de manera conjunta cuando se trata de llevar sobre todo trabajo con responsabilidad\u201d<\/strong><\/span><\/h3>\n<p><span style=\"color: #000000;\">S\u00e1enz hizo referencia a la importancia de la colaboraci\u00f3n entre provincias para aprovechar recursos naturales, poniendo las necesidades de la gente por encima de intereses pol\u00edticos e ideol\u00f3gicos, y lograr beneficios significativos para todos. <em><strong>\u201cHemos demostrado primero que nada que ten\u00edamos que poner o anteponer ante los intereses pol\u00edticos, ideolog\u00edas, las necesidades de la gente y entend\u00edamos que as\u00ed deb\u00edamos hacerlo\u201d<\/strong><\/em>, sostuvo al detallar que los gobernadores que participaron en el acuerdo pertenecen a distintos sectores pol\u00edticos.<\/span><\/p>\n<p><span style=\"color: #000000;\">En este sentido, el mandatario se\u00f1al\u00f3: <em><strong>\u201cAhora, viendo esta mesa tan diversa y tan plural, es muestra de que podemos trabajar de manera conjunta cuando se trata de llevar sobre todo trabajo con responsabilidad\u201d.<\/strong><\/em><\/span><\/p>\n<h3><span style=\"color: #000000;\"><strong>\u201cTodos los que estamos ac\u00e1 queremos vivir una Argentina mejor\u201d<\/strong><\/span><\/h3>\n<p><span style=\"color: #000000;\">El gobernador anfitri\u00f3n, Marcelo Orrego, destac\u00f3:<em><strong> \u201cLa miner\u00eda, para nosotros, claramente tiene que ver con nuestra econom\u00eda, tiene que ver con nuestra matriz productiva, pero tambi\u00e9n tiene que ver con el turismo, tambi\u00e9n tiene que ver con las econom\u00edas regionales\u201d.<\/strong><\/em> Y a\u00f1adi\u00f3 que <strong><em>\u201cevidentemente todos los que estamos ac\u00e1 queremos vivir una Argentina mejor y claramente para poder vivir una Argentina mejor tenemos que marcar ese rumbo\u201d.<\/em><\/strong><\/span><\/p>\n<p><span style=\"color: #000000;\">El mandatario sanjuanino destac\u00f3: <em><strong>\u201cEstamos en este proceso donde evidentemente la transici\u00f3n energ\u00e9tica ya no es pasado ma\u00f1ana, es ahora, en este momento. Con la electromovilidad pasa lo mismo. Para eso necesitamos dos minerales que son cr\u00edticos en este caso, tiene que ver con el litio y con el cobre. Claramente, es tambi\u00e9n estrat\u00e9gico, por eso decidimos conformar esta mesa\u201d.<\/strong><\/em><\/span><\/p>\n<h3><span style=\"color: #000000;\"><strong>\u201cLa Argentina necesita de la miner\u00eda\u201d<\/strong><\/span><\/h3>\n<p><span style=\"color: #000000;\">El gobernador de C\u00f3rdoba, Mart\u00edn Llayora, presenci\u00f3 la firma por la Mesa del Cobre y sostuvo que la miner\u00eda impulsa el crecimiento de proveedores de servicios y la metalmec\u00e1nica, al destacar la importancia de la firma del convenio para el desarrollo de la Argentina. <strong><em>\u201cHay que entender que esto es bueno para la Argentina, que la Argentina necesita de la miner\u00eda. No es que cada provincia necesite de la miner\u00eda, no es que cuando nosotros aprobamos o acompa\u00f1amos un marco minero, petrolero, gas\u00edfero, estamos acompa\u00f1ando un beneficio a una provincia, estamos acompa\u00f1ando el crecimiento de la Argentina. Y sin crecimiento y sin producci\u00f3n y sin trabajo, no hay pa\u00eds que se pueda desarrollar\u201d.<\/em><\/strong><\/span><\/p>\n","protected":false},"excerpt":{"rendered":"<p>El Gobernador mendocino firm\u00f3 el acuerdo junto a sus pares de San Juan, Jujuy, Salta y Catamarca. El objetivo es impulsar &#8230;<\/p>\n","protected":false},"author":7,"featured_media":135623,"comment_status":"open","ping_status":"open","sticky":false,"template":"","format":"standard","meta":{"footnotes":""},"categories":[5,48],"tags":[],"class_list":["post-135622","post","type-post","status-publish","format-standard","has-post-thumbnail","hentry","category-actualidad","category-mineria"],"_links":{"self":[{"href":"https:\/\/vinasfm.com\/noticias\/wp-json\/wp\/v2\/posts\/135622","targetHints":{"allow":["GET"]}}],"collection":[{"href":"https:\/\/vinasfm.com\/noticias\/wp-json\/wp\/v2\/posts"}],"about":[{"href":"https:\/\/vinasfm.com\/noticias\/wp-json\/wp\/v2\/types\/post"}],"author":[{"embeddable":true,"href":"https:\/\/vinasfm.com\/noticias\/wp-json\/wp\/v2\/users\/7"}],"replies":[{"embeddable":true,"href":"https:\/\/vinasfm.com\/noticias\/wp-json\/wp\/v2\/comments?post=135622"}],"version-history":[{"count":2,"href":"https:\/\/vinasfm.com\/noticias\/wp-json\/wp\/v2\/posts\/135622\/revisions"}],"predecessor-version":[{"id":135631,"href":"https:\/\/vinasfm.com\/noticias\/wp-json\/wp\/v2\/posts\/135622\/revisions\/135631"}],"wp:featuredmedia":[{"embeddable":true,"href":"https:\/\/vinasfm.com\/noticias\/wp-json\/wp\/v2\/media\/135623"}],"wp:attachment":[{"href":"https:\/\/vinasfm.com\/noticias\/wp-json\/wp\/v2\/media?parent=135622"}],"wp:term":[{"taxonomy":"category","embeddable":true,"href":"https:\/\/vinasfm.com\/noticias\/wp-json\/wp\/v2\/categories?post=135622"},{"taxonomy":"post_tag","embeddable":true,"href":"https:\/\/vinasfm.com\/noticias\/wp-json\/wp\/v2\/tags?post=135622"}],"curies":[{"name":"wp","href":"https:\/\/api.w.org\/{rel}","templated":true}]}}