{"id":135612,"date":"2024-05-22T11:19:38","date_gmt":"2024-05-22T14:19:38","guid":{"rendered":"https:\/\/vinasfm.com\/noticias\/?p=135612"},"modified":"2024-05-23T10:21:23","modified_gmt":"2024-05-23T13:21:23","slug":"rescate-recuperacion-y-liberacion-de-4-gavilanes-se-reintegraron-a-los-mismos-habitats-urbanos-donde-fueron-hallados","status":"publish","type":"post","link":"https:\/\/vinasfm.com\/noticias\/rescate-recuperacion-y-liberacion-de-4-gavilanes-se-reintegraron-a-los-mismos-habitats-urbanos-donde-fueron-hallados\/","title":{"rendered":"RESCATE, RECUPERACI\u00d3N Y LIBERACI\u00d3N DE 4 GAVILANES: SE REINTEGRARON A LOS MISMOS H\u00c1BITATS URBANOS DONDE FUERON HALLADOS"},"content":{"rendered":"<h4><strong>Gracias al accionar conjunto de organismos provinciales \u2013equipo de Fauna del Ministerio de Energ\u00eda y Ambiente y de Polic\u00eda Rural\u2013, junto a la Fundaci\u00f3n Cullunche y cetreros de Mendoza, se liberaron cuatro ejemplares de gavil\u00e1n mixto (<em>Parabuteo unicinctus<\/em>), los cuales se reintegraron a los mismos h\u00e1bitats donde fueron hallados en Guaymall\u00e9n y Capital.<\/strong><\/h4>\n<p>En el marco del D\u00eda Internacional de la Diversidad Biol\u00f3gica, la Subsecretar\u00eda de Ambiente encabez\u00f3 un acto de liberaci\u00f3n de cuatro gavilanes, que fueron rescatados, recuperados y reincorporados a su h\u00e1bitat en un trabajo conjunto entre distintos organismos.<\/p>\n<p>Tres de estos ejemplares fueron rescatados por el equipo de Fauna \u2013de la Direcci\u00f3n de Biodiversidad y Ecoparque de Mendoza\u2013 y por la Polic\u00eda Rural, a partir de la colaboraci\u00f3n ciudadana que inform\u00f3 estos hallazgos. De inmediato, fueron derivados y atendidos por la Fundaci\u00f3n Cullunche y luego asistidos por cetreros de la provincia, que permanentemente colaboran con la rehabilitaci\u00f3n de estas especies cada vez que el estado del ave rapaz lo requiere.<\/p>\n<p>Las liberaciones se realizaron en el Parque Central de Ciudad y en Dorrego. Formaron parte de ambos eventos, adem\u00e1s de funcionarios de los organismos mencionados, representantes de los municipios de Ciudad de Mendoza y de Guaymall\u00e9n.<\/p>\n<p>Durante la liberaci\u00f3n, el director de Biodiversidad y Ecoparque, Ignacio Haudet, asegur\u00f3:<em>\u00a0\u201c<strong>Proteger nuestra biodiversidad es una apuesta no solo al futuro sino tambi\u00e9n nos permite entender nuestro presente. Ver c\u00f3mo nos estamos relacionando con el resto de las especies de la naturaleza, entendiendo c\u00f3mo nuestra presencia est\u00e1 afectando a otros seres vivos es fundamental para poder establecer pol\u00edticas ambientales estrat\u00e9gicas. Cada especie cumple un rol clave dentro de un sistema complejo, que desaparezca uno de los eslabones no es algo que nos podamos permitir y estamos trabajando para que\u00a0eso\u00a0no\u00a0ocurra\u201d<\/strong><\/em>.<\/p>\n<p>Los gavilanes mixtos liberados fueron rescatados en diferentes ocasiones y circunstancias, meses atr\u00e1s, v\u00edctimas de heridas, algunas de ellas ocasionadas por el uso indebido de rifles de aire comprimido. Luego de un cuidadoso trabajo de recuperaci\u00f3n y rehabilitaci\u00f3n por parte del equipo de veterinarios de la Fundaci\u00f3n Cullunche y otros especialistas, las aves fueron liberadas en zonas aleda\u00f1as a los sitios donde fueron rescatadas, a fin de que reintegren a su h\u00e1bitat urbano y sigan cumpliendo con su rol ecosist\u00e9mico.<\/p>\n<p>Adem\u00e1s, se les coloc\u00f3 un microchip que permitir\u00e1 tener un buen seguimiento de estos cuatro ejemplares, para posibilitar mayor protecci\u00f3n.<\/p>\n<p>Al igual que otras aves rapaces, el gavil\u00e1n mixto es una especie muy importante para mantener el equilibrio natural de los ecosistemas, y en especial, para el ambiente urbano, por su rol como controlador natural de plagas de roedores o palomas. Por eso, desde la Subsecretar\u00eda de Ambiente y de las organizaciones de la sociedad civil vinculadas a la protecci\u00f3n de las aves rapaces se pide no da\u00f1arlas. Si bien, por su instinto natural, tienden a acercarse a seres vivientes en movimiento, en el caso \u2013muy poco frecuente\u2013 de que vuele cerca de humanos, con solo espantarlas o tirarles agua ser\u00e1 suficiente para que no vuelvan. Es una especie muy inteligente y adaptada al medio urbano.<\/p>\n<p>Los gavilanes mixtos, halcones, \u00e1guilas, lechuzas y otras aves rapaces nativas est\u00e1n\u00a0protegidaspor la Ley Nacional de Fauna Silvestre 22421 y\u00a0la Ley provincial 4602. Asimismo en Mendoza, su protecci\u00f3n est\u00e1 contemplada por la Ley provincial 7308 y el\u00a0Decreto reglamentario 1890 del 2005.\u00a0Por ello, causarles cualquier da\u00f1o o ataque est\u00e1 penado por ley y se considera un delito.<\/p>\n<p>Desde la Direcci\u00f3n de Biodiversidad y Ecoparque de la Provincia se solicita a la ciudadan\u00eda avisar al 911 ante la presencia de ejemplares pichones o adultos heridos. Ante casos de personas que est\u00e9n atacando o lastimando a ejemplares de la fauna aut\u00f3ctona, ingresar en el\u00a0<a href=\"https:\/\/ticketsform.mendoza.gov.ar\/ticketsform\/servlet\/responderformulario?PORTAL_AMBIENTE\" data-type=\"URL\" data-id=\"https:\/\/ticketsform.mendoza.gov.ar\/ticketsform\/servlet\/responderformulario?PORTAL_AMBIENTE\">portal de denuncias de la Subsecretar\u00eda de Ambiente<\/a>.<\/p>\n","protected":false},"excerpt":{"rendered":"<p>Gracias al accionar conjunto de organismos provinciales \u2013equipo de Fauna del Ministerio de Energ\u00eda y Ambiente y de Polic\u00eda Rural\u2013, junto &#8230;<\/p>\n","protected":false},"author":7,"featured_media":135613,"comment_status":"open","ping_status":"open","sticky":false,"template":"","format":"standard","meta":{"footnotes":""},"categories":[5,10],"tags":[],"class_list":["post-135612","post","type-post","status-publish","format-standard","has-post-thumbnail","hentry","category-actualidad","category-destacadas"],"_links":{"self":[{"href":"https:\/\/vinasfm.com\/noticias\/wp-json\/wp\/v2\/posts\/135612","targetHints":{"allow":["GET"]}}],"collection":[{"href":"https:\/\/vinasfm.com\/noticias\/wp-json\/wp\/v2\/posts"}],"about":[{"href":"https:\/\/vinasfm.com\/noticias\/wp-json\/wp\/v2\/types\/post"}],"author":[{"embeddable":true,"href":"https:\/\/vinasfm.com\/noticias\/wp-json\/wp\/v2\/users\/7"}],"replies":[{"embeddable":true,"href":"https:\/\/vinasfm.com\/noticias\/wp-json\/wp\/v2\/comments?post=135612"}],"version-history":[{"count":1,"href":"https:\/\/vinasfm.com\/noticias\/wp-json\/wp\/v2\/posts\/135612\/revisions"}],"predecessor-version":[{"id":135614,"href":"https:\/\/vinasfm.com\/noticias\/wp-json\/wp\/v2\/posts\/135612\/revisions\/135614"}],"wp:featuredmedia":[{"embeddable":true,"href":"https:\/\/vinasfm.com\/noticias\/wp-json\/wp\/v2\/media\/135613"}],"wp:attachment":[{"href":"https:\/\/vinasfm.com\/noticias\/wp-json\/wp\/v2\/media?parent=135612"}],"wp:term":[{"taxonomy":"category","embeddable":true,"href":"https:\/\/vinasfm.com\/noticias\/wp-json\/wp\/v2\/categories?post=135612"},{"taxonomy":"post_tag","embeddable":true,"href":"https:\/\/vinasfm.com\/noticias\/wp-json\/wp\/v2\/tags?post=135612"}],"curies":[{"name":"wp","href":"https:\/\/api.w.org\/{rel}","templated":true}]}}