{"id":135592,"date":"2024-05-22T09:09:15","date_gmt":"2024-05-22T12:09:15","guid":{"rendered":"https:\/\/vinasfm.com\/noticias\/?p=135592"},"modified":"2024-05-23T09:18:26","modified_gmt":"2024-05-23T12:18:26","slug":"se-presentaron-los-avances-del-proyecto-de-mejora-del-camino-del-canon-del-atuel","status":"publish","type":"post","link":"https:\/\/vinasfm.com\/noticias\/se-presentaron-los-avances-del-proyecto-de-mejora-del-camino-del-canon-del-atuel\/","title":{"rendered":"SE PRESENTARON LOS AVANCES DEL PROYECTO DE MEJORA DEL CAMINO DEL CA\u00d1\u00d3N DEL ATUEL"},"content":{"rendered":"<h4>El objetivo es iniciar un proceso de organizaci\u00f3n y administraci\u00f3n que identifique las obras prioritarias para mejorar la seguridad y las prestaciones tur\u00edsticas. Este camino es uno de los m\u00e1s importantes del Sur provincial porque une las localidades de Valle Grande con El Nihuil, en San Rafael.<\/h4>\n<p>El ministro de Gobierno, Infraestructura y Desarrollo Territorial, Natalio Mema, present\u00f3 los avances del proyecto de mejora del camino del Ca\u00f1\u00f3n del Atuel, una obra de fuerte impacto para fortalecer el turismo y la producci\u00f3n del Sur mendocino.<\/p>\n<p>En la reuni\u00f3n, que se llev\u00f3 a cabo en la Casa de Gobierno, participaron Marit\u00e9 Badui, subsecretaria de Infraestructura y Desarrollo Territorial; Francisco Mondotte, director general de Asuntos Gubernamentales; Osvaldo Romagnoli, administrador general de la DPV Mendoza, y Cynthia Maggioni, vicepresidenta del Emetur.<\/p>\n<p>Tambi\u00e9n estuvieron presentes los referentes de las C\u00e1maras de Turismo y de Comercio de San Rafael, de la Asociaci\u00f3n Empresaria Hotelero- Gastron\u00f3mica y Afines de Mendoza (Aehga) y de la Asociaci\u00f3n Tur\u00edstica Ca\u00f1\u00f3n del Atuel.<\/p>\n<p>\u201cHemos dado tres pasos muy importantes. El primero es que el proyecto ejecutivo del Ca\u00f1\u00f3n del Atuel ingrese al banco de proyectos de Mendoza. El segundo es que se va a identificar en la plancha catastral el trayecto que tiene la traza de la ruta. Esto, a su vez, nos va a permitir declararlo de utilidad p\u00fablica para que ese camino sea una ruta provincial.\u00a0Y la tercera cuesti\u00f3n tiene que ver con identificar las obras prioritarias a los efectos de mejorar la transitabilidad\u201d, explic\u00f3 Mondotte.<\/p>\n<p>En el mismo sentido, el funcionario se\u00f1al\u00f3 que este proyecto tiene que ir paso a paso para mejorar un camino que tiene ya m\u00e1s de 60 a\u00f1os. <em><strong>\u201cEl camino del Ca\u00f1\u00f3n del Atuel es el camino tur\u00edstico m\u00e1s importante del Sur de Mendoza. Hace cinco a\u00f1os, el gobernador Cornejo se comprometi\u00f3 a desarrollar un proyecto ejecutivo y hemos convocado a las asociaciones vinculadas al turismo de San Rafael para iniciar un proceso de organizaci\u00f3n y administraci\u00f3n que identificar\u00e1 las obras prioritarias para mejorar la seguridad y las prestaciones para los visitantes\u201d.<\/strong><\/em><\/p>\n<p>En tanto, Victoria Contardo, presidenta de la C\u00e1mara de Turismo de San Rafael, se mostr\u00f3 satisfecha con el encuentro. <strong><em>\u201cFue una reuni\u00f3n muy positiva. Estamos muy conformes con estos avances que nos han mostrado. Ahora trabajaremos puertas adentro para ponernos de acuerdo con todos los actores involucrados en este proyecto\u201d<\/em><\/strong>, afirm\u00f3.<\/p>\n<h2><strong>Acerca del proyecto<\/strong><\/h2>\n<p>El camino que une las localidades de Valle Grande con El Nihuil, en San Rafael, cuenta con 45 kil\u00f3metros y m\u00e1s de 60 a\u00f1os. Se trata del camino tur\u00edstico m\u00e1s importante del Sur de Mendoza. Pese a esto, est\u00e1 hecho de suelo natural, lo que ha conllevado un reclamo hist\u00f3rico por su mejora.<\/p>\n<p>En 2018, Alfredo Cornejo hab\u00eda impulsado el proyecto ejecutivo para concretar esta obra. Tras su presentaci\u00f3n, se avanz\u00f3 en tres sentidos:<\/p>\n<ul>\n<li>Incorporar el proyecto ejecutivo al Banco de Proyectos de la Provincia.<\/li>\n<li>Plasmar la traza del camino en la plancha catastral para resolver potenciales cuestiones dominiales y declararlo de utilidad p\u00fablica.<\/li>\n<li>Coordinar entre el Emetur, Ordenamiento Territorial y las asociaciones que representan a los prestadores tur\u00edsticos un protocolo de administraci\u00f3n del camino que establezca desde qu\u00e9 veh\u00edculos pueden transitar hasta horarios de circulaci\u00f3n.<\/li>\n<\/ul>\n","protected":false},"excerpt":{"rendered":"<p>El objetivo es iniciar un proceso de organizaci\u00f3n y administraci\u00f3n que identifique las obras prioritarias para mejorar la seguridad y las &#8230;<\/p>\n","protected":false},"author":7,"featured_media":135593,"comment_status":"open","ping_status":"open","sticky":false,"template":"","format":"standard","meta":{"footnotes":""},"categories":[5,10],"tags":[],"class_list":["post-135592","post","type-post","status-publish","format-standard","has-post-thumbnail","hentry","category-actualidad","category-destacadas"],"_links":{"self":[{"href":"https:\/\/vinasfm.com\/noticias\/wp-json\/wp\/v2\/posts\/135592","targetHints":{"allow":["GET"]}}],"collection":[{"href":"https:\/\/vinasfm.com\/noticias\/wp-json\/wp\/v2\/posts"}],"about":[{"href":"https:\/\/vinasfm.com\/noticias\/wp-json\/wp\/v2\/types\/post"}],"author":[{"embeddable":true,"href":"https:\/\/vinasfm.com\/noticias\/wp-json\/wp\/v2\/users\/7"}],"replies":[{"embeddable":true,"href":"https:\/\/vinasfm.com\/noticias\/wp-json\/wp\/v2\/comments?post=135592"}],"version-history":[{"count":1,"href":"https:\/\/vinasfm.com\/noticias\/wp-json\/wp\/v2\/posts\/135592\/revisions"}],"predecessor-version":[{"id":135594,"href":"https:\/\/vinasfm.com\/noticias\/wp-json\/wp\/v2\/posts\/135592\/revisions\/135594"}],"wp:featuredmedia":[{"embeddable":true,"href":"https:\/\/vinasfm.com\/noticias\/wp-json\/wp\/v2\/media\/135593"}],"wp:attachment":[{"href":"https:\/\/vinasfm.com\/noticias\/wp-json\/wp\/v2\/media?parent=135592"}],"wp:term":[{"taxonomy":"category","embeddable":true,"href":"https:\/\/vinasfm.com\/noticias\/wp-json\/wp\/v2\/categories?post=135592"},{"taxonomy":"post_tag","embeddable":true,"href":"https:\/\/vinasfm.com\/noticias\/wp-json\/wp\/v2\/tags?post=135592"}],"curies":[{"name":"wp","href":"https:\/\/api.w.org\/{rel}","templated":true}]}}