{"id":135553,"date":"2024-05-21T09:51:48","date_gmt":"2024-05-21T12:51:48","guid":{"rendered":"https:\/\/vinasfm.com\/noticias\/?p=135553"},"modified":"2024-05-22T09:57:10","modified_gmt":"2024-05-22T12:57:10","slug":"se-presento-en-general-alvear-el-programa-aprender-con-salud","status":"publish","type":"post","link":"https:\/\/vinasfm.com\/noticias\/se-presento-en-general-alvear-el-programa-aprender-con-salud\/","title":{"rendered":"SE PRESENT\u00d3 EN GENERAL ALVEAR EL PROGRAMA APRENDER CON SALUD"},"content":{"rendered":"<h4><strong>El programa Aprender con Salud es una articulaci\u00f3n interministerial entre la Direcci\u00f3n General de Escuelas (DGE), el Ministerio de Salud de la Provincia y el Municipio de General Alvear.<\/strong><\/h4>\n<p>Este Programa se define como un programa educativo-socio sanitario de evaluaci\u00f3n, atenci\u00f3n y seguimiento temporal y espacial de la poblaci\u00f3n escolar de la Provincia. En \u00e9l convergen los ex\u00e1menes f\u00edsico, odontol\u00f3gico, fonoaudiol\u00f3gico, nutricional y de actividad f\u00edsica, con actividades de promoci\u00f3n y prevenci\u00f3n de la salud en los ni\u00f1os y su contexto m\u00e1s cercano (familiares, tutores y docentes).<\/p>\n<p>El objetivo inicial es obtener un diagn\u00f3stico de situaci\u00f3n de salud a partir del control de ni\u00f1o sano, identificar los casos que requieran atenci\u00f3n por parte del sistema de salud, y promocionar h\u00e1bitos saludables en todos los \u00e1mbitos abordados. En los SEOS se relevan libretas de control de salud y en las escuelas se realiza una evaluaci\u00f3n de salud adem\u00e1s de actividades de promoci\u00f3n y prevenci\u00f3n.<\/p>\n<p>Con la finalidad de realizar las acciones necesarias para el ingreso y continuidad de todos estos ni\u00f1os en el sistema de salud p\u00fablica local y\/o regional, fomentando la descentralizaci\u00f3n hospitalaria y articulando fuertemente con el primer nivel de atenci\u00f3n sanitaria y con la Educaci\u00f3n F\u00edsica.<\/p>\n<p>Marcos Domenech, Coordinador del \u00c1rea Departamental de Salud dijo <em><strong>\u201cdimos inicio a este programa para la detecci\u00f3n de patolog\u00edas en la primera infancia. Iniciamos en Bowen y lo realizaremos en todo el departamento. La idea es generar acciones de promoci\u00f3n y prevenci\u00f3n de salud para todos los ni\u00f1os y que ellos sean los replicadores de los h\u00e1bitos saludables\u201d<\/strong><\/em><\/p>\n<p>Jos\u00e9 Mor\u00e1n, director de Educaci\u00f3n expres\u00f3<em><strong> \u201cmuy contento de poder continuar con este programa provincial, lo estamos llevando adelante en todos los jardines, esto significa que todos los ni\u00f1os de la primera infancia recibir\u00e1n un control y podr\u00e1n detectar cualquier patolog\u00eda y actuar sobre ella\u201d<\/strong><\/em>.<\/p>\n<p>Mariana \u00c1lvarez, Coordinadora del Programa Aprender con Salud manifest\u00f3 <em><strong>\u201cestamos muy contentos de estar en General Alvear desarrollando este programa con todo el equipo del municipio y del \u00e1rea departamental. Hemos tenido muy buena convocatoria y aceptaci\u00f3n de parte de los jardines y lo que queremos lograr es detectar patolog\u00edas en la primera infancia, adem\u00e1s de acompa\u00f1arlos en los controles de salud y los buenos h\u00e1bitos nutricionales\u201d<\/strong><\/em>.<\/p>\n","protected":false},"excerpt":{"rendered":"<p>El programa Aprender con Salud es una articulaci\u00f3n interministerial entre la Direcci\u00f3n General de Escuelas (DGE), el Ministerio de Salud de &#8230;<\/p>\n","protected":false},"author":7,"featured_media":135568,"comment_status":"open","ping_status":"open","sticky":false,"template":"","format":"standard","meta":{"footnotes":""},"categories":[5,15],"tags":[],"class_list":["post-135553","post","type-post","status-publish","format-standard","has-post-thumbnail","hentry","category-actualidad","category-salud"],"_links":{"self":[{"href":"https:\/\/vinasfm.com\/noticias\/wp-json\/wp\/v2\/posts\/135553","targetHints":{"allow":["GET"]}}],"collection":[{"href":"https:\/\/vinasfm.com\/noticias\/wp-json\/wp\/v2\/posts"}],"about":[{"href":"https:\/\/vinasfm.com\/noticias\/wp-json\/wp\/v2\/types\/post"}],"author":[{"embeddable":true,"href":"https:\/\/vinasfm.com\/noticias\/wp-json\/wp\/v2\/users\/7"}],"replies":[{"embeddable":true,"href":"https:\/\/vinasfm.com\/noticias\/wp-json\/wp\/v2\/comments?post=135553"}],"version-history":[{"count":1,"href":"https:\/\/vinasfm.com\/noticias\/wp-json\/wp\/v2\/posts\/135553\/revisions"}],"predecessor-version":[{"id":135554,"href":"https:\/\/vinasfm.com\/noticias\/wp-json\/wp\/v2\/posts\/135553\/revisions\/135554"}],"wp:featuredmedia":[{"embeddable":true,"href":"https:\/\/vinasfm.com\/noticias\/wp-json\/wp\/v2\/media\/135568"}],"wp:attachment":[{"href":"https:\/\/vinasfm.com\/noticias\/wp-json\/wp\/v2\/media?parent=135553"}],"wp:term":[{"taxonomy":"category","embeddable":true,"href":"https:\/\/vinasfm.com\/noticias\/wp-json\/wp\/v2\/categories?post=135553"},{"taxonomy":"post_tag","embeddable":true,"href":"https:\/\/vinasfm.com\/noticias\/wp-json\/wp\/v2\/tags?post=135553"}],"curies":[{"name":"wp","href":"https:\/\/api.w.org\/{rel}","templated":true}]}}