{"id":135537,"date":"2024-05-20T12:13:15","date_gmt":"2024-05-20T15:13:15","guid":{"rendered":"https:\/\/vinasfm.com\/noticias\/?p=135537"},"modified":"2024-05-20T20:04:01","modified_gmt":"2024-05-20T23:04:01","slug":"se-llevo-a-cabo-el-segundo-encnetro-de-adultos-mayores","status":"publish","type":"post","link":"https:\/\/vinasfm.com\/noticias\/se-llevo-a-cabo-el-segundo-encnetro-de-adultos-mayores\/","title":{"rendered":"SE LLEV\u00d3 A CABO EL SEGUNDO ENCUENTRO DE ADULTOS MAYORES"},"content":{"rendered":"<h4><span style=\"color: #000000;\"><strong>Se realiz\u00f3 en las instalaciones del Polideportivo Deportistas Alvearenses el segundo encuentro de Adultos Activos donde realizan actividad f\u00edsica, juegos, entretenimiento, merienda saludable y reciben un control de la presi\u00f3n por parte de enfermer\u00eda \u00c1rea Departamental de Salud.<\/strong><\/span><\/h4>\n<p><span style=\"color: #000000;\">En estos encuentros participan adultos mayores de los Centros Jubilados de Juan B. Justo, Patricias Mendocinas y todos los que participan de las diferentes actividades en los polideportivos municipales.<\/span><\/p>\n<p><span style=\"color: #000000;\"><strong><em>\u201cLos juegos que se llevan adelante son cooperativos y tambi\u00e9n participan de estos encuentros gente del hospital, son residentes que est\u00e1n haciendo su aporte con el control de la presi\u00f3n y hay una parte de nutrici\u00f3n en donde les brindan informaci\u00f3n sobre los buenos h\u00e1bitos en cuanto a la alimentaci\u00f3n\u201d<\/em><\/strong>. Expres\u00f3 Alberto G\u00f3mez, director de Deporte.<\/span><\/p>\n<p><a href=\"https:\/\/vinasfm.com\/noticias\/wp-content\/uploads\/2024\/05\/MG_0328-scaled.jpg\"><img loading=\"lazy\" decoding=\"async\" class=\"alignnone wp-image-135539\" src=\"https:\/\/vinasfm.com\/noticias\/wp-content\/uploads\/2024\/05\/MG_0328-1024x576.jpg\" alt=\"\" width=\"400\" height=\"225\" srcset=\"https:\/\/vinasfm.com\/noticias\/wp-content\/uploads\/2024\/05\/MG_0328-1024x576.jpg 1024w, https:\/\/vinasfm.com\/noticias\/wp-content\/uploads\/2024\/05\/MG_0328-300x169.jpg 300w, https:\/\/vinasfm.com\/noticias\/wp-content\/uploads\/2024\/05\/MG_0328-768x432.jpg 768w, https:\/\/vinasfm.com\/noticias\/wp-content\/uploads\/2024\/05\/MG_0328-1536x864.jpg 1536w, https:\/\/vinasfm.com\/noticias\/wp-content\/uploads\/2024\/05\/MG_0328-2048x1152.jpg 2048w, https:\/\/vinasfm.com\/noticias\/wp-content\/uploads\/2024\/05\/MG_0328-750x420.jpg 750w, https:\/\/vinasfm.com\/noticias\/wp-content\/uploads\/2024\/05\/MG_0328-1140x641.jpg 1140w\" sizes=\"auto, (max-width: 400px) 100vw, 400px\" \/><\/a> <a href=\"https:\/\/vinasfm.com\/noticias\/wp-content\/uploads\/2024\/05\/MG_0330-scaled.jpg\"><img loading=\"lazy\" decoding=\"async\" class=\"alignnone wp-image-135540\" src=\"https:\/\/vinasfm.com\/noticias\/wp-content\/uploads\/2024\/05\/MG_0330-1024x576.jpg\" alt=\"\" width=\"400\" height=\"225\" srcset=\"https:\/\/vinasfm.com\/noticias\/wp-content\/uploads\/2024\/05\/MG_0330-1024x576.jpg 1024w, https:\/\/vinasfm.com\/noticias\/wp-content\/uploads\/2024\/05\/MG_0330-300x169.jpg 300w, https:\/\/vinasfm.com\/noticias\/wp-content\/uploads\/2024\/05\/MG_0330-768x432.jpg 768w, https:\/\/vinasfm.com\/noticias\/wp-content\/uploads\/2024\/05\/MG_0330-1536x864.jpg 1536w, https:\/\/vinasfm.com\/noticias\/wp-content\/uploads\/2024\/05\/MG_0330-2048x1152.jpg 2048w, https:\/\/vinasfm.com\/noticias\/wp-content\/uploads\/2024\/05\/MG_0330-750x420.jpg 750w, https:\/\/vinasfm.com\/noticias\/wp-content\/uploads\/2024\/05\/MG_0330-1140x641.jpg 1140w\" sizes=\"auto, (max-width: 400px) 100vw, 400px\" \/><\/a><\/p>\n<h6>Segundo encuentro de adultos mayores en el Polideportivo<\/h6>\n<p><span style=\"color: #000000;\"><em><strong>\u201cLos adultos mayores han construido los puentes que nosotros estamos transitando hoy, as\u00ed que es un placer brindarles estas actividades, sin duda que las necesitan, las quieren y est\u00e1n felices, ese es el objetivo que ellos se sientan c\u00f3modos\u201d.<\/strong><\/em><\/span><\/p>\n<p><span style=\"color: #000000;\">Mar\u00eda Esther Alcaraz \u00abMaruca\u00bb que participa de las actividades expres\u00f3 <em><strong>\u201ccuando me jubil\u00e9 empec\u00e9 a buscar opciones, y una de las opciones sali\u00f3 esta oportunidad de venir al polideportivo a hacer gimnasia, a donde nos atienden muy bien y se preocupan y se ocupan de la persona jubilada. Estoy m\u00e1s que agradecida con la municipalidad y con la gente que trabaja, porque es una cantidad de gente que est\u00e1n detr\u00e1s todos para la organizaci\u00f3n\u201d.<\/strong><\/em><\/span><\/p>\n","protected":false},"excerpt":{"rendered":"<p>Se realiz\u00f3 en las instalaciones del Polideportivo Deportistas Alvearenses el segundo encuentro de Adultos Activos donde realizan actividad f\u00edsica, juegos, entretenimiento, &#8230;<\/p>\n","protected":false},"author":7,"featured_media":135538,"comment_status":"open","ping_status":"open","sticky":false,"template":"","format":"standard","meta":{"footnotes":""},"categories":[1],"tags":[],"class_list":["post-135537","post","type-post","status-publish","format-standard","has-post-thumbnail","hentry","category-fmvinas"],"_links":{"self":[{"href":"https:\/\/vinasfm.com\/noticias\/wp-json\/wp\/v2\/posts\/135537","targetHints":{"allow":["GET"]}}],"collection":[{"href":"https:\/\/vinasfm.com\/noticias\/wp-json\/wp\/v2\/posts"}],"about":[{"href":"https:\/\/vinasfm.com\/noticias\/wp-json\/wp\/v2\/types\/post"}],"author":[{"embeddable":true,"href":"https:\/\/vinasfm.com\/noticias\/wp-json\/wp\/v2\/users\/7"}],"replies":[{"embeddable":true,"href":"https:\/\/vinasfm.com\/noticias\/wp-json\/wp\/v2\/comments?post=135537"}],"version-history":[{"count":2,"href":"https:\/\/vinasfm.com\/noticias\/wp-json\/wp\/v2\/posts\/135537\/revisions"}],"predecessor-version":[{"id":135542,"href":"https:\/\/vinasfm.com\/noticias\/wp-json\/wp\/v2\/posts\/135537\/revisions\/135542"}],"wp:featuredmedia":[{"embeddable":true,"href":"https:\/\/vinasfm.com\/noticias\/wp-json\/wp\/v2\/media\/135538"}],"wp:attachment":[{"href":"https:\/\/vinasfm.com\/noticias\/wp-json\/wp\/v2\/media?parent=135537"}],"wp:term":[{"taxonomy":"category","embeddable":true,"href":"https:\/\/vinasfm.com\/noticias\/wp-json\/wp\/v2\/categories?post=135537"},{"taxonomy":"post_tag","embeddable":true,"href":"https:\/\/vinasfm.com\/noticias\/wp-json\/wp\/v2\/tags?post=135537"}],"curies":[{"name":"wp","href":"https:\/\/api.w.org\/{rel}","templated":true}]}}