{"id":135497,"date":"2024-05-20T07:55:23","date_gmt":"2024-05-20T10:55:23","guid":{"rendered":"https:\/\/vinasfm.com\/noticias\/?p=135497"},"modified":"2024-05-21T09:22:01","modified_gmt":"2024-05-21T12:22:01","slug":"ruben-panella-presidente-de-fecovita-estuvo-presente-en-el-departamento","status":"publish","type":"post","link":"https:\/\/vinasfm.com\/noticias\/ruben-panella-presidente-de-fecovita-estuvo-presente-en-el-departamento\/","title":{"rendered":"R\u00daBEN PANELLA PRESIDENTE DE FECOVITA ESTUVO PRESENTE EN EL DEPARTAMENTO"},"content":{"rendered":"<h4><strong>Durante su paso por la 43\u00b0 Edici\u00f3n de la Fiesta Nacional de la Ganader\u00eda el presidente de Fecovita destac\u00f3 el desaf\u00edo de seguir trabajando con los productores.<\/strong><\/h4>\n<p>Toda la mesa directiva estuvo presente en el departamento compartiendo un momento de suma importancia por ser la primera vez que visitaban la fiesta.<\/p>\n<p><em><strong>&#8216;Celebramos una asamblea recientemente, hemos tenido apoyo de todos los productores, se han reelecto las autoridades con el apoyo de todos los centros regionales incluido el de General Alvear&#8217;<\/strong><\/em> agreg\u00f3 R\u00faben Panella.<\/p>\n<p>Del mismo modo hizo \u00e9nfasis en el trabajo a futuro:<em><strong> &#8216;tenemos el desaf\u00edo de seguir trabajando para seguir sosteniendo a los peque\u00f1os y medianos productores&#8217;<\/strong><\/em>.<\/p>\n<p><em><strong>&#8216;Las empresas y marcas hoy tiene un 30% del mercado argentino, es la empresa que m\u00e1s volumen vende en Argentina y estamos entre los 10 grupos vitivin\u00edcolas m\u00e1s grandes del mundo<\/strong><\/em>&#8216;.<\/p>\n<p>Desde hace cuatro d\u00e9cadas, Fecovita lidera un proyecto con base en los valores y en la integridad. Fecovita traslada a sus asociados el mejor valor posible, por sus productos, para maximizar sus beneficios.<\/p>\n","protected":false},"excerpt":{"rendered":"<p>Durante su paso por la 43\u00b0 Edici\u00f3n de la Fiesta Nacional de la Ganader\u00eda el presidente de Fecovita destac\u00f3 el desaf\u00edo &#8230;<\/p>\n","protected":false},"author":7,"featured_media":135498,"comment_status":"open","ping_status":"open","sticky":false,"template":"","format":"standard","meta":{"footnotes":""},"categories":[5],"tags":[],"class_list":["post-135497","post","type-post","status-publish","format-standard","has-post-thumbnail","hentry","category-actualidad"],"_links":{"self":[{"href":"https:\/\/vinasfm.com\/noticias\/wp-json\/wp\/v2\/posts\/135497","targetHints":{"allow":["GET"]}}],"collection":[{"href":"https:\/\/vinasfm.com\/noticias\/wp-json\/wp\/v2\/posts"}],"about":[{"href":"https:\/\/vinasfm.com\/noticias\/wp-json\/wp\/v2\/types\/post"}],"author":[{"embeddable":true,"href":"https:\/\/vinasfm.com\/noticias\/wp-json\/wp\/v2\/users\/7"}],"replies":[{"embeddable":true,"href":"https:\/\/vinasfm.com\/noticias\/wp-json\/wp\/v2\/comments?post=135497"}],"version-history":[{"count":2,"href":"https:\/\/vinasfm.com\/noticias\/wp-json\/wp\/v2\/posts\/135497\/revisions"}],"predecessor-version":[{"id":135500,"href":"https:\/\/vinasfm.com\/noticias\/wp-json\/wp\/v2\/posts\/135497\/revisions\/135500"}],"wp:featuredmedia":[{"embeddable":true,"href":"https:\/\/vinasfm.com\/noticias\/wp-json\/wp\/v2\/media\/135498"}],"wp:attachment":[{"href":"https:\/\/vinasfm.com\/noticias\/wp-json\/wp\/v2\/media?parent=135497"}],"wp:term":[{"taxonomy":"category","embeddable":true,"href":"https:\/\/vinasfm.com\/noticias\/wp-json\/wp\/v2\/categories?post=135497"},{"taxonomy":"post_tag","embeddable":true,"href":"https:\/\/vinasfm.com\/noticias\/wp-json\/wp\/v2\/tags?post=135497"}],"curies":[{"name":"wp","href":"https:\/\/api.w.org\/{rel}","templated":true}]}}