{"id":135487,"date":"2024-05-18T12:00:16","date_gmt":"2024-05-18T15:00:16","guid":{"rendered":"https:\/\/vinasfm.com\/noticias\/?p=135487"},"modified":"2024-05-20T10:09:12","modified_gmt":"2024-05-20T13:09:12","slug":"las-camaras-del-sur-mendocino-le-solicitaron-a-los-senadores-nacionales-que-llevan-adelante-las-reformas-bajo-el-titulo-ley-bases","status":"publish","type":"post","link":"https:\/\/vinasfm.com\/noticias\/las-camaras-del-sur-mendocino-le-solicitaron-a-los-senadores-nacionales-que-llevan-adelante-las-reformas-bajo-el-titulo-ley-bases\/","title":{"rendered":"LAS C\u00c1MARAS DEL SUR MENDOCINO LE SOLICITARON A LOS SENADORES NACIONALES QUE LLEVEN ADELANTE LAS REFORMAS BAJO EL T\u00cdTULO \u00abLEY BASES\u00bb"},"content":{"rendered":"<h4><span style=\"color: #000000;\">El proyecto impulsado por el Presidente Javier Milei, que busca sentar las bases para una nueva Argentina, ya cuenta con media sanci\u00f3n en la C\u00e1mara Baja.<\/span><\/h4>\n<p><span style=\"color: #000000;\">La C\u00e1mara de Senadores se prepara para debatir la \u00abLey Bases\u00bb impulsada por el Gobierno Nacional. La misma ya cont\u00f3 con el apoyo del radicalismo, el PRO y Hacemos Coalici\u00f3n Federal (HCF) y lleg\u00f3 a 142 votos afirmativos en la C\u00e1mara Baja. La versi\u00f3n final del proyecto incluye una\u00a0<b>reforma laboral<\/b>, la\u00a0<b>eliminaci\u00f3n de la moratoria previsional<\/b>, facultades delegadas que le permiten a Milei\u00a0<b>eliminar organismos p\u00fablicos<\/b>, un r\u00e9gimen de inversiones con\u00a0<b>beneficios impositivos<\/b>, y la\u00a0<b>privatizaci\u00f3n de empresas p\u00fablicas<\/b>.\u00a0<\/span><\/p>\n<p><span style=\"color: #000000;\">En las \u00faltimas horas, la C\u00e1mara de Comercio de General Alvear comparti\u00f3 un comunicado en donde, junto a las C\u00e1maras de San Rafael y Malarg\u00fce, le solicitaron a los miembros del Senado avanzar con las reformas que propone la mencionada \u00abLey Bases\u00bb. En el documento difundido, las instituciones aseguran que <em><strong>\u00abresulta imperioso que el Senado de la Naci\u00f3n se exprese claramente a favor de la &#8216;Ley Bases&#8217;, que ya tiene media sanci\u00f3n de Diputados, para as\u00ed lograr el bien com\u00fan y poner en marcha a nuestro pa\u00eds\u00bb.<\/strong><\/em><\/span><\/p>\n<h3><span style=\"color: #000000;\">EL COMUNICADO<\/span><\/h3>\n<hr \/>\n<div dir=\"auto\"><span style=\"color: #000000;\">La C\u00e1mara de Comercio, Industria y Agropecuaria de San Rafael, la <span class=\"html-span xdj266r x11i5rnm xat24cr x1mh8g0r xexx8yu x4uap5 x18d9i69 xkhd6sd x1hl2dhg x16tdsg8 x1vvkbs\">Camara De Alvear<\/span> y la C\u00e1mara de Comercio y Afines de Malarg\u00fce hacen llegar el pedido a los senadores nacionales para que, dentro de sus competencias legislativas, lleven adelante las reformas esenciales en los aspectos fiscales, previsionales, econ\u00f3micos, regulatorios y administrativos, elevadas bajo la denominada \u201cLey Bases\u201d, las cuales servir\u00e1n de hoja de ruta para la sociedad argentina, sobre todo en materia de previsibilidad y crecimiento productivo.<\/span><\/div>\n<div dir=\"auto\"><\/div>\n<div dir=\"auto\"><span style=\"color: #000000;\">Solo con leyes que permitan la seguridad jur\u00eddica y la sustentabilidad de las bases econ\u00f3micas, podr\u00e1n ponerse en marcha nuestras econom\u00edas regionales, vigorizando nuestras pymes y un amplio sector de j\u00f3venes emprendedores con vocaci\u00f3n de arraigo.<\/span><\/div>\n<div dir=\"auto\"><\/div>\n<div dir=\"auto\"><span style=\"color: #000000;\">En raz\u00f3n de lo antedicho, y por los antecedentes hist\u00f3ricos existentes, resulta imperioso que el Senado de la Naci\u00f3n se exprese claramente a favor de la \u201cLey Bases\u201d, que ya tiene media sanci\u00f3n de Diputados, para as\u00ed lograr el bien com\u00fan y poner en marcha a nuestro pa\u00eds.<\/span><\/div>\n<div dir=\"auto\"><\/div>\n<div dir=\"auto\"><span style=\"color: #000000;\">Este firme llamado al Poder Legislativo, se suma al resto de acciones que se vienen desarrollando. En defensa de los derechos de sus asociados y pymes, la CCIA de San Rafael se present\u00f3 el d\u00eda 24\/01\/2024, en el Expediente N\u00b0 56862\/2023\/1, caratulado \u201cCGT c. PEN por amparo DNU 70\/23\u201d, -que fuese iniciado por la CGT, logrando a trav\u00e9s de la v\u00eda del AMPARO la suspensi\u00f3n de la vigencia del cap\u00edtulo en materia Laboral- y le solicit\u00f3 a la Corte Suprema de Justicia de la Naci\u00f3n intervenir como \u201cAmicus Curiae\u201d (Amigos del Tribunal); como consecuencia de dicho pedido, el d\u00eda 09\/05\/2024 se dio lugar a intervenci\u00f3n de la CCIA en la oportunidad que la CSJN disponga, lo que permitir\u00e1 a la entidad alzar la voz en defensa de las peque\u00f1as y medianas empresas sobre la urgente necesidad de la reforma laboral.<\/span><\/div>\n","protected":false},"excerpt":{"rendered":"<p>El proyecto impulsado por el Presidente Javier Milei, que busca sentar las bases para una nueva Argentina, ya cuenta con media &#8230;<\/p>\n","protected":false},"author":7,"featured_media":135488,"comment_status":"open","ping_status":"open","sticky":false,"template":"","format":"standard","meta":{"footnotes":""},"categories":[5,10],"tags":[],"class_list":["post-135487","post","type-post","status-publish","format-standard","has-post-thumbnail","hentry","category-actualidad","category-destacadas"],"_links":{"self":[{"href":"https:\/\/vinasfm.com\/noticias\/wp-json\/wp\/v2\/posts\/135487","targetHints":{"allow":["GET"]}}],"collection":[{"href":"https:\/\/vinasfm.com\/noticias\/wp-json\/wp\/v2\/posts"}],"about":[{"href":"https:\/\/vinasfm.com\/noticias\/wp-json\/wp\/v2\/types\/post"}],"author":[{"embeddable":true,"href":"https:\/\/vinasfm.com\/noticias\/wp-json\/wp\/v2\/users\/7"}],"replies":[{"embeddable":true,"href":"https:\/\/vinasfm.com\/noticias\/wp-json\/wp\/v2\/comments?post=135487"}],"version-history":[{"count":3,"href":"https:\/\/vinasfm.com\/noticias\/wp-json\/wp\/v2\/posts\/135487\/revisions"}],"predecessor-version":[{"id":135517,"href":"https:\/\/vinasfm.com\/noticias\/wp-json\/wp\/v2\/posts\/135487\/revisions\/135517"}],"wp:featuredmedia":[{"embeddable":true,"href":"https:\/\/vinasfm.com\/noticias\/wp-json\/wp\/v2\/media\/135488"}],"wp:attachment":[{"href":"https:\/\/vinasfm.com\/noticias\/wp-json\/wp\/v2\/media?parent=135487"}],"wp:term":[{"taxonomy":"category","embeddable":true,"href":"https:\/\/vinasfm.com\/noticias\/wp-json\/wp\/v2\/categories?post=135487"},{"taxonomy":"post_tag","embeddable":true,"href":"https:\/\/vinasfm.com\/noticias\/wp-json\/wp\/v2\/tags?post=135487"}],"curies":[{"name":"wp","href":"https:\/\/api.w.org\/{rel}","templated":true}]}}