{"id":135479,"date":"2024-05-18T10:13:41","date_gmt":"2024-05-18T13:13:41","guid":{"rendered":"https:\/\/vinasfm.com\/noticias\/?p=135479"},"modified":"2024-05-20T10:05:00","modified_gmt":"2024-05-20T13:05:00","slug":"desde-gestion-ambiental-realizan-un-gran-trabajo-vinculado-al-reciclaje","status":"publish","type":"post","link":"https:\/\/vinasfm.com\/noticias\/desde-gestion-ambiental-realizan-un-gran-trabajo-vinculado-al-reciclaje\/","title":{"rendered":"DESDE GESTI\u00d3N AMBIENTAL REALIZAN UN GRAN TRABAJO VINCULADO AL RECICLAJE"},"content":{"rendered":"<p><span style=\"color: #000000;\"><strong>Cada 17 de mayo se celebra el D\u00eda Internacional del Reciclaje, con el objetivo de concienciar a la sociedad acerca de la importancia que tiene tratar los desechos como corresponde seg\u00fan sus caracter\u00edsticas y cualidades, para no contribuir al cambio clim\u00e1tico y proteger el medio ambiente.<\/strong><\/span><\/p>\n<p><span style=\"color: #000000;\"><em><strong>\u00abEn el reciclaje uno de los principales problemas que tenemos a nivel mundial son los residuos, por el volumen que generan y por su disposici\u00f3n final\u00bb,<\/strong><\/em> aclar\u00f3 Denis Rabanal, director de gesti\u00f3n Ambiental, Adem\u00e1s destac\u00f3 que \u00ab<em><strong>desde hace muchos a\u00f1os se viene trabajando con la recuperaci\u00f3n de distintos materiales a nivel mundial y ac\u00e1 en General Alvear tambi\u00e9n lo hacemos\u00bb.<\/strong><\/em><\/span><\/p>\n<p><span style=\"color: #000000;\">As\u00ed mismo se\u00f1al\u00f3 que desde el a\u00f1o 2.011 \u00ab<em><strong>tenemos una planta de Residuos, donde trabajando con la recuperaci\u00f3n de residuos inorg\u00e1nicos, cart\u00f3n, pl\u00e1stico, aluminio, chatarra y dem\u00e1s. Pero tambi\u00e9n trabajamos fuertemente con otros residuos que no son solamente los que se generan a diario en mayor volumen, sino que tambi\u00e9n trabajamos con los neum\u00e1ticos fuera de uso, con el aceite vegetal usado. Esos residuos que despu\u00e9s se incorporan a la econom\u00eda circular como el aceite vegetal usado, por ejemplo, se hacen biocombustibles y tambi\u00e9n con el tema de separaci\u00f3n de residuos\u201d.<\/strong><\/em><\/span><\/p>\n<p><span style=\"color: #000000;\"><em><strong>\u201cTrabajamos fuertemente con lo que es la comercializaci\u00f3n de estos residuos, tanto en la planta de residuos como los recuperadores urbanos. En el d\u00eda de ayer se hizo una venta de cart\u00f3n, papel blanco y papel color, fueron en 24.300 kg, que lo importante es que esas toneladas hubieran terminado en el relleno sanitario, sin embargo, terminan nuevamente d\u00e1ndosele un valor comercial\u201d<\/strong><\/em><\/span><\/p>\n<p><span style=\"color: #000000;\">Por \u00faltimo, Rabanal puso en valor el trabajo de los recuperadores de calle: <strong><em>\u00abrealizan un excelente trabajo ya que son muchas toneladas mensuales que recuperan, estamos teniendo las reuniones con una asociaci\u00f3n civil que quieren ser parte de este cambio ambiental. Nosotros desde el municipio estamos fomentando la formalidad de ese trabajo y tambi\u00e9n darle ramas de comercializaci\u00f3n mejorando los precios\u201d<\/em> <\/strong>finaliz\u00f3 en funcionario<\/span><\/p>\n","protected":false},"excerpt":{"rendered":"<p>Cada 17 de mayo se celebra el D\u00eda Internacional del Reciclaje, con el objetivo de concienciar a la sociedad acerca de &#8230;<\/p>\n","protected":false},"author":7,"featured_media":135481,"comment_status":"open","ping_status":"open","sticky":false,"template":"","format":"standard","meta":{"footnotes":""},"categories":[5,192],"tags":[],"class_list":["post-135479","post","type-post","status-publish","format-standard","has-post-thumbnail","hentry","category-actualidad","category-gestion-ambiental"],"_links":{"self":[{"href":"https:\/\/vinasfm.com\/noticias\/wp-json\/wp\/v2\/posts\/135479","targetHints":{"allow":["GET"]}}],"collection":[{"href":"https:\/\/vinasfm.com\/noticias\/wp-json\/wp\/v2\/posts"}],"about":[{"href":"https:\/\/vinasfm.com\/noticias\/wp-json\/wp\/v2\/types\/post"}],"author":[{"embeddable":true,"href":"https:\/\/vinasfm.com\/noticias\/wp-json\/wp\/v2\/users\/7"}],"replies":[{"embeddable":true,"href":"https:\/\/vinasfm.com\/noticias\/wp-json\/wp\/v2\/comments?post=135479"}],"version-history":[{"count":2,"href":"https:\/\/vinasfm.com\/noticias\/wp-json\/wp\/v2\/posts\/135479\/revisions"}],"predecessor-version":[{"id":135482,"href":"https:\/\/vinasfm.com\/noticias\/wp-json\/wp\/v2\/posts\/135479\/revisions\/135482"}],"wp:featuredmedia":[{"embeddable":true,"href":"https:\/\/vinasfm.com\/noticias\/wp-json\/wp\/v2\/media\/135481"}],"wp:attachment":[{"href":"https:\/\/vinasfm.com\/noticias\/wp-json\/wp\/v2\/media?parent=135479"}],"wp:term":[{"taxonomy":"category","embeddable":true,"href":"https:\/\/vinasfm.com\/noticias\/wp-json\/wp\/v2\/categories?post=135479"},{"taxonomy":"post_tag","embeddable":true,"href":"https:\/\/vinasfm.com\/noticias\/wp-json\/wp\/v2\/tags?post=135479"}],"curies":[{"name":"wp","href":"https:\/\/api.w.org\/{rel}","templated":true}]}}