{"id":135466,"date":"2024-05-17T10:24:31","date_gmt":"2024-05-17T13:24:31","guid":{"rendered":"https:\/\/vinasfm.com\/noticias\/?p=135466"},"modified":"2024-05-20T07:55:21","modified_gmt":"2024-05-20T10:55:21","slug":"milei-debera-firmar-el-acuerdo-por-los-fondos-que-eran-para-portezuelo","status":"publish","type":"post","link":"https:\/\/vinasfm.com\/noticias\/milei-debera-firmar-el-acuerdo-por-los-fondos-que-eran-para-portezuelo\/","title":{"rendered":"MILEI DEBER\u00c1 FIRMAR EL ACUERDO POR LOS FONDOS QUE ERAN PARA PORTEZUELO"},"content":{"rendered":"<div class=\"description-boxed\"><span style=\"color: #000000;\"><strong>Peti Lombardi explic\u00f3 el rol de la Legislatura que deber\u00e1 refrendar el acuerdo al que lleg\u00f3 el gobernador por los 1.023 millones de d\u00f3lares. Fayad y Mema explicar\u00e1n algunos de los proyectos.<\/strong><\/span><\/div>\n<p><span style=\"color: #000000;\">En la ma\u00f1ana de este viernes, el presidente de la C\u00e1mara de Diputados de Mendoza, Andr\u00e9s \u00abPeti\u00bb Lombardi detall\u00f3 los avances que se han tenido en el marco a los 1023 millones de d\u00f3lares que la provincia recibi\u00f3 por parte de Naci\u00f3n que eran en un origen para hacer Portezuelo del Viento.<\/span><\/p>\n<p><span style=\"color: #000000;\">Por un lado, el legislador explic\u00f3 el recorrido que el acuerdo deber\u00e1 hacer en la Legislatura y, luego, la necesaria firma por parte del presidente\u00a0<b><a style=\"color: #000000;\" href=\"http:\/\/www.mendozapost.com\/\">Javier Milei<\/a><\/b>. El pr\u00f3ximo martes,<b>\u00a0los ministros Mema y Fayad se presentar\u00e1n en la Legislatura<\/b>\u00a0para brindar detalles sobre el acuerdo.<\/span><\/p>\n<p><span style=\"color: #000000;\">Una vez que est\u00e9 ratificado en la Legislatura, algo que desde el oficialismo estiman ser\u00e1 r\u00e1pido,\u00a0<b>el convenio tiene que volver a la Naci\u00f3n y ser firmado por el presidente Javier Milei<\/b>.<\/span><\/p>\n<p><span style=\"color: #000000;\">Estos 1023 millones de d\u00f3lares que la provincia fue recibiendo mediante distintos desembolsos ser\u00e1n destinados a distintos tipos de obras. Con Portezuelo del Viento descartado, el dinero se plantea como una soluci\u00f3n a distintos avances que se precisan en materia de infraestructura para el interior provincial.<\/span><\/p>\n<p><img loading=\"lazy\" decoding=\"async\" class=\"\" src=\"https:\/\/gdb.voanews.com\/0dd734da-0d2e-4a82-8431-985cef7cbc45_w1200_r1.jpg\" alt=\"Javier Milei toma posesi\u00f3n como presidente de Argentina y promete &quot;una nueva era&quot;\" width=\"460\" height=\"259\" \/><\/p>\n<h6>Javier Milei<\/h6>\n<p><span style=\"color: #000000;\">\u00ab<b>Esperemos que se pueda tratar r\u00e1pidamente<\/b>, o sea, necesita la ratificaci\u00f3n legislativa para ejecutarse completamente y poder ampliar la utilizaci\u00f3n de esos fondos\u00bb, explic\u00f3 Andr\u00e9s Lombardi. En tanto que subray\u00f3 que esto es fundamental \u00abpara poder empezar a discutir elaborar proyectos que tengan impacto econ\u00f3mico\u00bb.<\/span><\/p>\n<p><span style=\"color: #000000;\">En cuanto a las obras, Lombardi asegur\u00f3 que se llevar\u00e1n a cabo varias implementaciones de este dinero. \u00abNo hay capacidad para llevar adelante obras de montos tan elevados, no hay una estructura tan grande en Mendoza. Pero esto puede aportar un dinamismo a la provincia para para ampliar su obra p\u00fablica\u00bb, detall\u00f3 Lombardi.<\/span><\/p>\n<p><span style=\"color: #000000;\">La provincia podr\u00e1 elegir en qu\u00e9 ocupa el dinero, algunos detalles fueron aportados por el ministro Fayad d\u00edas atr\u00e1s cuando en una entrevista radial explic\u00f3 algunos de los planes del Gobierno para los fondos de Portezuelo.<\/span><\/p>\n<p><span style=\"color: #000000;\">Seg\u00fan explic\u00f3 Lombardi,\u00a0<b>la idea inicial es plasmar rutas productivas de calidad, acueductos, obras de energ\u00eda, entre otras<\/b>. \u00abVan a ser evaluados por equipos t\u00e9cnicos donde decidiremos cu\u00e1l es el grado impacto econ\u00f3mico\u00bb, apunt\u00f3.<\/span><\/p>\n<p><span style=\"color: #000000;\">La idea, de acuerdo a lo explicado por Lombardi, es que luego de la explicaci\u00f3n de los ministros en la Legislatura, pase a sesi\u00f3n de Diputados para que en una semana lo trate la C\u00e1mara de Senadores.<\/span><\/p>\n<p><span style=\"color: #000000;\">Finalmente, luego de este paso por la Legislatura, el acuerdo volver\u00e1 a Naci\u00f3n. \u00abEsto despu\u00e9s requiere una ratificaci\u00f3n de presidente Milei al convenio que firm\u00f3 el Gobernador Cornejo con los ministros Francos y Caputo\u00bb, de esta manera ser\u00e1 la firma del jefe de estado la que cierre este proceso.<\/span><\/p>\n","protected":false},"excerpt":{"rendered":"<p>Peti Lombardi explic\u00f3 el rol de la Legislatura que deber\u00e1 refrendar el acuerdo al que lleg\u00f3 el gobernador por los 1.023 &#8230;<\/p>\n","protected":false},"author":7,"featured_media":73017,"comment_status":"open","ping_status":"open","sticky":false,"template":"","format":"standard","meta":{"footnotes":""},"categories":[5,10],"tags":[],"class_list":["post-135466","post","type-post","status-publish","format-standard","has-post-thumbnail","hentry","category-actualidad","category-destacadas"],"_links":{"self":[{"href":"https:\/\/vinasfm.com\/noticias\/wp-json\/wp\/v2\/posts\/135466","targetHints":{"allow":["GET"]}}],"collection":[{"href":"https:\/\/vinasfm.com\/noticias\/wp-json\/wp\/v2\/posts"}],"about":[{"href":"https:\/\/vinasfm.com\/noticias\/wp-json\/wp\/v2\/types\/post"}],"author":[{"embeddable":true,"href":"https:\/\/vinasfm.com\/noticias\/wp-json\/wp\/v2\/users\/7"}],"replies":[{"embeddable":true,"href":"https:\/\/vinasfm.com\/noticias\/wp-json\/wp\/v2\/comments?post=135466"}],"version-history":[{"count":4,"href":"https:\/\/vinasfm.com\/noticias\/wp-json\/wp\/v2\/posts\/135466\/revisions"}],"predecessor-version":[{"id":135475,"href":"https:\/\/vinasfm.com\/noticias\/wp-json\/wp\/v2\/posts\/135466\/revisions\/135475"}],"wp:featuredmedia":[{"embeddable":true,"href":"https:\/\/vinasfm.com\/noticias\/wp-json\/wp\/v2\/media\/73017"}],"wp:attachment":[{"href":"https:\/\/vinasfm.com\/noticias\/wp-json\/wp\/v2\/media?parent=135466"}],"wp:term":[{"taxonomy":"category","embeddable":true,"href":"https:\/\/vinasfm.com\/noticias\/wp-json\/wp\/v2\/categories?post=135466"},{"taxonomy":"post_tag","embeddable":true,"href":"https:\/\/vinasfm.com\/noticias\/wp-json\/wp\/v2\/tags?post=135466"}],"curies":[{"name":"wp","href":"https:\/\/api.w.org\/{rel}","templated":true}]}}