{"id":135431,"date":"2024-05-16T09:03:35","date_gmt":"2024-05-16T12:03:35","guid":{"rendered":"https:\/\/vinasfm.com\/noticias\/?p=135431"},"modified":"2024-05-17T08:56:44","modified_gmt":"2024-05-17T11:56:44","slug":"comenzo-la-tercera-etapa-de-la-remodelacion-del-hospital-enfermeros-argentinos-de-general-alvear","status":"publish","type":"post","link":"https:\/\/vinasfm.com\/noticias\/comenzo-la-tercera-etapa-de-la-remodelacion-del-hospital-enfermeros-argentinos-de-general-alvear\/","title":{"rendered":"COMENZ\u00d3 LA TERCERA ETAPA DE LA REMODELACI\u00d3N DEL HOSPITAL ENFERMEROS ARGENTINOS DE GENERAL ALVEAR"},"content":{"rendered":"<h4><span style=\"color: #000000;\">La obra apunta a mejorar el sector de dormitorios m\u00e9dicos, de servicios para el personal m\u00e9dico, de enfermer\u00eda y limpieza. Hace un mes qued\u00f3 inaugurada la nueva guardia y un nuevo acceso de emergencias en el centro asistencial.<\/span><\/h4>\n<p><span style=\"color: #000000;\">Los trabajos de remodelaci\u00f3n del Hospital Enfermeros Argentinos siguen en marcha para ampliar y mejorar la atenci\u00f3n de los pacientes en General Alvear.<\/span><\/p>\n<p><span style=\"color: #000000;\">Ahora, se dio inicio a la etapa 3 en la que se va a remodelar el sector de dormitorios m\u00e9dicos, servicios para el personal m\u00e9dico, de enfermer\u00eda y limpieza.<\/span><\/p>\n<p><span style=\"color: #000000;\">Esta semana hubo una vista de obra para seguir de cerca las primeras labores que se enfocaron en la demolici\u00f3n y extracci\u00f3n de instalaciones viejas, limpieza y verificaci\u00f3n de niveles para la nueva instalaci\u00f3n de cloacas.<\/span><\/p>\n<p><span style=\"color: #000000;\">Hace poco m\u00e1s de un mes, el Gobernador Alfredo Cornejo inaugur\u00f3 la nueva guardia y un nuevo acceso de emergencias del hospital que conformaban las etapas 1 y 2 de la remodelaci\u00f3n. Las obras incluyeron la reforma y ampliaci\u00f3n en superficie del servicio con el fin de optimizar la atenci\u00f3n de los pacientes las 24 horas e incrementar el n\u00famero de consultas ambulatorias no programadas.<\/span><\/p>\n<p><span style=\"color: #000000;\">Adem\u00e1s de la infraestructura nueva, el hospital ahora cuenta ahora con m\u00e1s tecnolog\u00eda de punta y la puesta en marcha de programas como de Adicciones y Abordaje del Suicidio Adolescente, Teleneurolog\u00eda, Telecardiolog\u00eda, Gestaci\u00f3n en Movimiento y el Servicio de Detecci\u00f3n, Seguimiento y Estimulaci\u00f3n Precoz (Deseprec). A esto, se le sum\u00f3 la digitalizaci\u00f3n de todo el sistema, la instalaci\u00f3n de circuito cerrado de c\u00e1maras, un sistema contra incendios, telefon\u00eda por IP y digitalizaci\u00f3n de im\u00e1genes para diagn\u00f3stico.<\/span><\/p>\n<p><span style=\"color: #000000;\">En cuanto a equipamiento, con esta remodelaci\u00f3n, el Enfermeros Argentinos contar\u00e1 con la digitalizaci\u00f3n de la Historia de Salud Integrada; tom\u00f3grafo; ambulancia de terapia intensiva, acondicionada a alta complejidad por personal del hospital y mesas de anestesia para quir\u00f3fano.<\/span><\/p>\n<p><span style=\"color: #000000;\">Tambi\u00e9n, incorporar\u00e1 cial\u00edticas (equipos de iluminaci\u00f3n utilizados principalmente en cirug\u00eda), cardiodesfibrilador y un respirador para la guardia, la que estar\u00e1 conectada mediante el sistema Tetra.<\/span><\/p>\n<p><span style=\"color: #000000;\">Por otra parte, el Ministerio de Salud y los directivos del Hospital Enfermeros Argentinos est\u00e1n armando un programa de necesidades para que luego la Direcci\u00f3n de Ingenier\u00eda y Arquitectura elabore el proyecto de construcci\u00f3n de un espacio de salud mental. De hecho, ya se relev\u00f3 el lugar donde se emplazar\u00e1 el mencionado pabell\u00f3n. Pero a\u00fan est\u00e1 en una etapa preliminar.<\/span><\/p>\n<p><span style=\"color: #000000;\">Es importante recordar que el Hospital Enfermeros Argentinos es de nivel II de complejidad. Cuenta con 95 camas y 400 egresos mensuales de promedio.<\/span><\/p>\n<p><span style=\"color: #000000;\">Adem\u00e1s, brinda cobertura de los servicios b\u00e1sicos como Pediatr\u00eda, Maternidad, Neonatolog\u00eda, Cirug\u00eda, Cl\u00ednica, Sala de Terapia Intensiva, Servicio de Anatom\u00eda Patol\u00f3gica, Laboratorio, Rayos, Ecograf\u00edas y Tomograf\u00edas.<\/span><\/p>\n<p><span style=\"color: #000000;\">Desde el punto de vista asistencial, contiene a los habitantes de las zonas lim\u00edtrofes, de provincias vecinas y de departamentos aleda\u00f1os. Posee consultorios externos con 30 especialidades, con un promedio de 3.600 consultas mensuales y un servicio de guardia de emergencias (Cl\u00ednica, Pediatr\u00eda y Ginecolog\u00eda) que promedia las 3.000 consultas mensuales.<\/span><\/p>\n","protected":false},"excerpt":{"rendered":"<p>La obra apunta a mejorar el sector de dormitorios m\u00e9dicos, de servicios para el personal m\u00e9dico, de enfermer\u00eda y limpieza. Hace &#8230;<\/p>\n","protected":false},"author":7,"featured_media":135432,"comment_status":"open","ping_status":"open","sticky":false,"template":"","format":"standard","meta":{"footnotes":""},"categories":[5,10],"tags":[],"class_list":["post-135431","post","type-post","status-publish","format-standard","has-post-thumbnail","hentry","category-actualidad","category-destacadas"],"_links":{"self":[{"href":"https:\/\/vinasfm.com\/noticias\/wp-json\/wp\/v2\/posts\/135431","targetHints":{"allow":["GET"]}}],"collection":[{"href":"https:\/\/vinasfm.com\/noticias\/wp-json\/wp\/v2\/posts"}],"about":[{"href":"https:\/\/vinasfm.com\/noticias\/wp-json\/wp\/v2\/types\/post"}],"author":[{"embeddable":true,"href":"https:\/\/vinasfm.com\/noticias\/wp-json\/wp\/v2\/users\/7"}],"replies":[{"embeddable":true,"href":"https:\/\/vinasfm.com\/noticias\/wp-json\/wp\/v2\/comments?post=135431"}],"version-history":[{"count":1,"href":"https:\/\/vinasfm.com\/noticias\/wp-json\/wp\/v2\/posts\/135431\/revisions"}],"predecessor-version":[{"id":135433,"href":"https:\/\/vinasfm.com\/noticias\/wp-json\/wp\/v2\/posts\/135431\/revisions\/135433"}],"wp:featuredmedia":[{"embeddable":true,"href":"https:\/\/vinasfm.com\/noticias\/wp-json\/wp\/v2\/media\/135432"}],"wp:attachment":[{"href":"https:\/\/vinasfm.com\/noticias\/wp-json\/wp\/v2\/media?parent=135431"}],"wp:term":[{"taxonomy":"category","embeddable":true,"href":"https:\/\/vinasfm.com\/noticias\/wp-json\/wp\/v2\/categories?post=135431"},{"taxonomy":"post_tag","embeddable":true,"href":"https:\/\/vinasfm.com\/noticias\/wp-json\/wp\/v2\/tags?post=135431"}],"curies":[{"name":"wp","href":"https:\/\/api.w.org\/{rel}","templated":true}]}}