{"id":135358,"date":"2024-05-14T08:19:46","date_gmt":"2024-05-14T11:19:46","guid":{"rendered":"https:\/\/vinasfm.com\/noticias\/?p=135358"},"modified":"2024-05-15T09:26:54","modified_gmt":"2024-05-15T12:26:54","slug":"por-que-es-importante-la-vacunacion-antigripal-en-ninos","status":"publish","type":"post","link":"https:\/\/vinasfm.com\/noticias\/por-que-es-importante-la-vacunacion-antigripal-en-ninos\/","title":{"rendered":"\u00bfPOR QU\u00c9 ES IMPORTANTE LA VACUNACI\u00d3N ANTIGRIPAL EN NI\u00d1OS?"},"content":{"rendered":"<h4><span style=\"color: #000000;\"><strong>A partir de los 6 meses de vida y hasta los 8 a\u00f1os (menores de 9 a\u00f1os), se deben administrar, por \u00fanica vez, dos dosis de vacuna antigripal, con un intervalo m\u00ednimo de 4 semanas, para lograr una eficacia adecuada por \u00fanica vez. Luego se deber\u00e1 aplicar una vez por a\u00f1o.<\/strong><\/span><\/h4>\n<p><span style=\"color: #000000;\">La vacunaci\u00f3n sigue siendo la mejor herramienta para prevenir la enfermedad influenza, m\u00e1s conocida como gripe. La vacunaci\u00f3n antigripal permite reducir la aparici\u00f3n de nuevos casos, disminuye el riesgo de internaci\u00f3n, complicaciones, secuelas y muerte ocasionadas por el virus influenza, por lo cual se recomienda su aplicaci\u00f3n en forma anual en la poblaci\u00f3n objetivo. Desde el a\u00f1o 2011 se incorpor\u00f3 al Calendario Nacional de Vacunaci\u00f3n.<\/span><\/p>\n<p><span style=\"color: #000000;\">Debemos tener en cuenta que la vacunaci\u00f3n de las embarazadas protege al beb\u00e9 hasta los 6 meses aproximadamente. Por eso se debe vacunar a todos los ni\u00f1os a partir de los 6 meses y hasta los 2 a\u00f1os de edad, adem\u00e1s de ni\u00f1os mayores con factores de riesgo como asma, cardiopat\u00edas, diabetes, los inmunocomprometidos o que padecen enfermedades cr\u00f3nicas.<\/span><\/p>\n<p><span style=\"color: #000000;\">A partir de los 6 meses de vida y hasta los 8 a\u00f1os (menores de 9 a\u00f1os) inclusive se debe administrar dos dosis de vacuna antigripal, con un intervalo m\u00ednimo de 4 semanas, para lograr una eficacia adecuada por \u00fanica vez y luego ser\u00e1 una aplicaci\u00f3n anual.<\/span><\/p>\n<p><span style=\"color: #000000;\">Otras medidas importantes para prevenir la enfermedad son el lavado frecuente de manos, ventilar los ambientes, no fumar en el interior de las viviendas, evitar espacios con aglomeraci\u00f3n de personas y sostener la lactancia materna.<\/span><\/p>\n","protected":false},"excerpt":{"rendered":"<p>A partir de los 6 meses de vida y hasta los 8 a\u00f1os (menores de 9 a\u00f1os), se deben administrar, por &#8230;<\/p>\n","protected":false},"author":7,"featured_media":135359,"comment_status":"open","ping_status":"open","sticky":false,"template":"","format":"standard","meta":{"footnotes":""},"categories":[5,15],"tags":[],"class_list":["post-135358","post","type-post","status-publish","format-standard","has-post-thumbnail","hentry","category-actualidad","category-salud"],"_links":{"self":[{"href":"https:\/\/vinasfm.com\/noticias\/wp-json\/wp\/v2\/posts\/135358","targetHints":{"allow":["GET"]}}],"collection":[{"href":"https:\/\/vinasfm.com\/noticias\/wp-json\/wp\/v2\/posts"}],"about":[{"href":"https:\/\/vinasfm.com\/noticias\/wp-json\/wp\/v2\/types\/post"}],"author":[{"embeddable":true,"href":"https:\/\/vinasfm.com\/noticias\/wp-json\/wp\/v2\/users\/7"}],"replies":[{"embeddable":true,"href":"https:\/\/vinasfm.com\/noticias\/wp-json\/wp\/v2\/comments?post=135358"}],"version-history":[{"count":1,"href":"https:\/\/vinasfm.com\/noticias\/wp-json\/wp\/v2\/posts\/135358\/revisions"}],"predecessor-version":[{"id":135360,"href":"https:\/\/vinasfm.com\/noticias\/wp-json\/wp\/v2\/posts\/135358\/revisions\/135360"}],"wp:featuredmedia":[{"embeddable":true,"href":"https:\/\/vinasfm.com\/noticias\/wp-json\/wp\/v2\/media\/135359"}],"wp:attachment":[{"href":"https:\/\/vinasfm.com\/noticias\/wp-json\/wp\/v2\/media?parent=135358"}],"wp:term":[{"taxonomy":"category","embeddable":true,"href":"https:\/\/vinasfm.com\/noticias\/wp-json\/wp\/v2\/categories?post=135358"},{"taxonomy":"post_tag","embeddable":true,"href":"https:\/\/vinasfm.com\/noticias\/wp-json\/wp\/v2\/tags?post=135358"}],"curies":[{"name":"wp","href":"https:\/\/api.w.org\/{rel}","templated":true}]}}