{"id":135322,"date":"2024-05-13T09:23:23","date_gmt":"2024-05-13T12:23:23","guid":{"rendered":"https:\/\/vinasfm.com\/noticias\/?p=135322"},"modified":"2024-05-14T08:24:49","modified_gmt":"2024-05-14T11:24:49","slug":"estos-fueron-los-resultados-del-tercer-torneo-nacional-de-destrezas-criollas","status":"publish","type":"post","link":"https:\/\/vinasfm.com\/noticias\/estos-fueron-los-resultados-del-tercer-torneo-nacional-de-destrezas-criollas\/","title":{"rendered":"ESTOS FUERON LOS RESULTADOS DEL TERCER TORNEO NACIONAL DE DESTREZAS CRIOLLAS"},"content":{"rendered":"<h4>El mismo llevo el nombre del m\u00e9dico veterinario Jorge Alfredo Blanco.<\/h4>\n<p><span style=\"color: #0000ff;\"><strong>GANADORES POR JUEGO<\/strong><\/span><\/p>\n<p><strong><span style=\"color: #993300;\">&#x25aa;&#xfe0f;Doble 8 Menores<\/span><\/strong><br \/>\n1- Mart\u00ednez, Mat\u00edas Ariel (CT Juan Manuel de Rosas &#8211; San Rafael)<br \/>\n2- Castellano, Bianca Morena (Ag Gaucha El Arisco &#8211; Real del Padre)<br \/>\n3- Moya, Jazm\u00edn Solange (CT La Olla &#8211; Real del Padre)<\/p>\n<p><strong><span style=\"color: #993300;\">&#x25aa;&#xfe0f;Criollos de Am\u00e9rica Menores<\/span><\/strong><br \/>\n1- Mart\u00ednez, Mat\u00edas Ariel (CT Juan Manuel de Rosas &#8211; San Rafael)<br \/>\n2- G\u00f3mez Adasme, Santino Uriel (CT El Matrero &#8211; Jaime Prats)<br \/>\n3- Deceno, Joaqu\u00edn Jes\u00fas (CT Los Puesteros del Atuel &#8211; General Alvear)<\/p>\n<p><strong><span style=\"color: #993300;\">&#x25aa;&#xfe0f;Binomio del Futuro<\/span><\/strong><br \/>\nCampe\u00f3n: 1- Mart\u00ednez, Mat\u00edas Ariel (CT Juan Manuel de Rosas &#8211; San Rafael)<br \/>\n&#x1f449; Premios: Direcci\u00f3n de Deportes de General Alvear<\/p>\n<p><strong><span style=\"color: #993300;\">&#x25aa;&#xfe0f;El Tr\u00e9bol Mayores<\/span><\/strong><br \/>\n1- G\u00f3mez, David Isa\u00edas (CT Soitu\u00e9 Sur &#8211; San Rafael)<br \/>\n2- Rybnikar, Bruno Andr\u00e9s (CT Juan Manuel de Rosas &#8211; San Rafael)<br \/>\n3- Molina, Silvio N\u00e9stor (CT Tierra Gaucha &#8211; Colonia L\u00f3pez)<br \/>\n4- V\u00e9lez, David Ezequiel (CT La Amistad &#8211; Real del Padre9<\/p>\n<p><strong><span style=\"color: #993300;\">&#x25aa;&#xfe0f;Doble 8 Mayores<\/span><\/strong><br \/>\n1- Ayora, Diego Armando (CT Troperos del Atuel &#8211; Real del Padre)<br \/>\n2- Berdugo, Jos\u00e9 Alejandro (CT La Amistad &#8211; Real del Padre)<br \/>\n3- C\u00e1ceres, Mat\u00edas Juan (CT Soitu\u00e9 Sur &#8211; San Rafael)<br \/>\n4- Naldini, Mart\u00edn Eduardo (Ag La Querencia &#8211; General Alvear)<\/p>\n<p><strong><span style=\"color: #993300;\">&#x25aa;&#xfe0f;Criollos de Am\u00e9rica Mayores<\/span><\/strong><br \/>\n1- Berdugo, Jos\u00e9 Alejandro (CT La Amistad &#8211; Real del Padre)<br \/>\n2- Naldini, Mart\u00edn Eduardo (Ag La Querencia &#8211; General Alvear)<br \/>\n3- Ayora, Pablo El\u00edas (CT Los Arrieros &#8211; Bowen)<br \/>\n4- Abeiro, Kevin Nahuel (CT El Orejano &#8211; San Rafael)<\/p>\n<p><strong><span style=\"color: #993300;\">&#x25aa;&#xfe0f;Binomio del Festival<\/span><\/strong><br \/>\nCampe\u00f3n: Berdugo, Jos\u00e9 Alejandro (CT La Amistad &#8211; Real del Padre)<br \/>\n&#x1f449; Premios: Casa Prisler &#8211; Carnes Perfumo<\/p>\n<p><strong><span style=\"color: #993300;\">&#x25aa;&#xfe0f;Broche de Oro (16 binomios invitados)<\/span><\/strong><br \/>\n1- Berdugo, Jos\u00e9 Alejandro (CT La Amistad &#8211; Real del Padre)<br \/>\n2- Naldini, Mart\u00edn Eduardo (Ag La Querencia &#8211; General Alvear)<br \/>\n3- Castro, Rene (CT La Amistad &#8211; Real del Padre)<br \/>\n4- Abeiro, Kevin Nahuel (CT El Orejano &#8211; San Rafael)<br \/>\n&#x1f449; Premio: Agrupaci\u00f3n Gaucha La Querencia<\/p>\n","protected":false},"excerpt":{"rendered":"<p>El mismo llevo el nombre del m\u00e9dico veterinario Jorge Alfredo Blanco. GANADORES POR JUEGO &#x25aa;&#xfe0f;Doble 8 Menores 1- Mart\u00ednez, Mat\u00edas Ariel &#8230;<\/p>\n","protected":false},"author":7,"featured_media":135324,"comment_status":"open","ping_status":"open","sticky":false,"template":"","format":"standard","meta":{"footnotes":""},"categories":[5,28],"tags":[],"class_list":["post-135322","post","type-post","status-publish","format-standard","has-post-thumbnail","hentry","category-actualidad","category-fiesta-nacional-de-la-ganaderia"],"_links":{"self":[{"href":"https:\/\/vinasfm.com\/noticias\/wp-json\/wp\/v2\/posts\/135322","targetHints":{"allow":["GET"]}}],"collection":[{"href":"https:\/\/vinasfm.com\/noticias\/wp-json\/wp\/v2\/posts"}],"about":[{"href":"https:\/\/vinasfm.com\/noticias\/wp-json\/wp\/v2\/types\/post"}],"author":[{"embeddable":true,"href":"https:\/\/vinasfm.com\/noticias\/wp-json\/wp\/v2\/users\/7"}],"replies":[{"embeddable":true,"href":"https:\/\/vinasfm.com\/noticias\/wp-json\/wp\/v2\/comments?post=135322"}],"version-history":[{"count":1,"href":"https:\/\/vinasfm.com\/noticias\/wp-json\/wp\/v2\/posts\/135322\/revisions"}],"predecessor-version":[{"id":135325,"href":"https:\/\/vinasfm.com\/noticias\/wp-json\/wp\/v2\/posts\/135322\/revisions\/135325"}],"wp:featuredmedia":[{"embeddable":true,"href":"https:\/\/vinasfm.com\/noticias\/wp-json\/wp\/v2\/media\/135324"}],"wp:attachment":[{"href":"https:\/\/vinasfm.com\/noticias\/wp-json\/wp\/v2\/media?parent=135322"}],"wp:term":[{"taxonomy":"category","embeddable":true,"href":"https:\/\/vinasfm.com\/noticias\/wp-json\/wp\/v2\/categories?post=135322"},{"taxonomy":"post_tag","embeddable":true,"href":"https:\/\/vinasfm.com\/noticias\/wp-json\/wp\/v2\/tags?post=135322"}],"curies":[{"name":"wp","href":"https:\/\/api.w.org\/{rel}","templated":true}]}}