{"id":135041,"date":"2024-05-04T10:15:23","date_gmt":"2024-05-04T13:15:23","guid":{"rendered":"https:\/\/vinasfm.com\/noticias\/?p=135041"},"modified":"2024-05-07T09:43:12","modified_gmt":"2024-05-07T12:43:12","slug":"divididos-se-presentara-en-general-alvear-el-dia-del-estudiante","status":"publish","type":"post","link":"https:\/\/vinasfm.com\/noticias\/divididos-se-presentara-en-general-alvear-el-dia-del-estudiante\/","title":{"rendered":"DIVIDIDOS SE PRESENTAR\u00c1 EN GENERAL ALVEAR EL D\u00cdA DEL ESTUDIANTE"},"content":{"rendered":"<p><span style=\"color: #000000;\"><strong>El Intendente Alejandro Molero confirm\u00f3 la presencia de la reconocida banda de rock para el pr\u00f3ximo 21 de setiembre. Tocar\u00e1 en el estadio de Andes.<\/strong><\/span><\/p>\n<p><span style=\"color: #000000;\">La reconocida banda de rock Divididos ha confirmado su esperado regreso a General Alvear con un explosivo concierto programado para el 21 de septiembre. Los fan\u00e1ticos de la m\u00fasica en vivo tendr\u00e1n la oportunidad de disfrutar de una noche inolvidable, colmada de energ\u00eda y potente sonido, por parte de esta ic\u00f3nica agrupaci\u00f3n argentina que se apoderar\u00e1 del escenario en un evento que promete ser muy convocante.<\/span><\/p>\n<p><span style=\"color: #000000;\">El concierto, que tendr\u00e1 lugar en el estadio del Andes Foot Ball Club, promete ser un viaje musical inigualable, donde los asistentes podr\u00e1n deleitarse con los cl\u00e1sicos atemporales de Divididos y experimentar la intensidad y pasi\u00f3n que caracterizan sus actuaciones en vivo.<\/span><\/p>\n<p><span style=\"color: #000000;\"><strong><em>\u201cFelices de poderle ofrecer a General Alvear la recuperaci\u00f3n de espect\u00e1culos de nivel nacional e internacional, de recobrar no solamente para todos los alverenses, sino en la regi\u00f3n y especialmente para nuestros j\u00f3venes tambi\u00e9n, ofertas de diversi\u00f3n, ofertas culturales y en este sentido hoy la verdad que estamos felices de poder anunciar que el 21 de septiembre, dentro de la gira del 35 aniversario de la banda y como \u00fanico destino en el oeste del pa\u00eds siendo una de las cuatro \u00fanicas presentaciones que har\u00e1n en la Argentina va a estar en General Alvear divididos con un show de nivel internacional\u201d<\/em><\/strong>, dijo el conferencia de prensa el Intendente Alejandro Molero.<\/span><\/p>\n<p><span style=\"color: #000000;\">El Jefe comunal le agradeci\u00f3 al manager de la banda, que es el alvearense Billy \u00c1lvarez, que haya permitido que este espect\u00e1culo de primer nivel est\u00e9 en General Alvear, <em><strong>\u201cque la banda no le cobre cachet a los alvearenses o al municipio en este caso y eso ha permitido que seamos uno de los cuatro lugares en la Argentina donde va a actuar la banda\u201d.<\/strong><\/em><\/span><\/p>\n<p><span style=\"color: #000000;\">Las entradas estar\u00e1n pr\u00f3ximamente a la venta en las boleter\u00edas del Cine Teatro Antonio Lafalla, pero tambi\u00e9n a trav\u00e9s de Ticketek.<\/span><\/p>\n<p><span style=\"color: #000000;\">Las entradas anticipadas, que se ponen a la venta a partir de la semana que viene, tienen un costo de 28.000 pesos.<\/span><\/p>\n","protected":false},"excerpt":{"rendered":"<p>El Intendente Alejandro Molero confirm\u00f3 la presencia de la reconocida banda de rock para el pr\u00f3ximo 21 de setiembre. Tocar\u00e1 en &#8230;<\/p>\n","protected":false},"author":7,"featured_media":135042,"comment_status":"open","ping_status":"open","sticky":false,"template":"","format":"standard","meta":{"footnotes":""},"categories":[5,19],"tags":[],"class_list":["post-135041","post","type-post","status-publish","format-standard","has-post-thumbnail","hentry","category-actualidad","category-cultura"],"_links":{"self":[{"href":"https:\/\/vinasfm.com\/noticias\/wp-json\/wp\/v2\/posts\/135041","targetHints":{"allow":["GET"]}}],"collection":[{"href":"https:\/\/vinasfm.com\/noticias\/wp-json\/wp\/v2\/posts"}],"about":[{"href":"https:\/\/vinasfm.com\/noticias\/wp-json\/wp\/v2\/types\/post"}],"author":[{"embeddable":true,"href":"https:\/\/vinasfm.com\/noticias\/wp-json\/wp\/v2\/users\/7"}],"replies":[{"embeddable":true,"href":"https:\/\/vinasfm.com\/noticias\/wp-json\/wp\/v2\/comments?post=135041"}],"version-history":[{"count":1,"href":"https:\/\/vinasfm.com\/noticias\/wp-json\/wp\/v2\/posts\/135041\/revisions"}],"predecessor-version":[{"id":135043,"href":"https:\/\/vinasfm.com\/noticias\/wp-json\/wp\/v2\/posts\/135041\/revisions\/135043"}],"wp:featuredmedia":[{"embeddable":true,"href":"https:\/\/vinasfm.com\/noticias\/wp-json\/wp\/v2\/media\/135042"}],"wp:attachment":[{"href":"https:\/\/vinasfm.com\/noticias\/wp-json\/wp\/v2\/media?parent=135041"}],"wp:term":[{"taxonomy":"category","embeddable":true,"href":"https:\/\/vinasfm.com\/noticias\/wp-json\/wp\/v2\/categories?post=135041"},{"taxonomy":"post_tag","embeddable":true,"href":"https:\/\/vinasfm.com\/noticias\/wp-json\/wp\/v2\/tags?post=135041"}],"curies":[{"name":"wp","href":"https:\/\/api.w.org\/{rel}","templated":true}]}}