{"id":135025,"date":"2024-05-03T10:25:00","date_gmt":"2024-05-03T13:25:00","guid":{"rendered":"https:\/\/vinasfm.com\/noticias\/?p=135025"},"modified":"2024-05-06T10:07:25","modified_gmt":"2024-05-06T13:07:25","slug":"en-el-marco-del-dia-internacional-del-acoso-escolar-desde-el-municipio-buscan-erradicar-estas-conductas-daninas-en-las-escuelas","status":"publish","type":"post","link":"https:\/\/vinasfm.com\/noticias\/en-el-marco-del-dia-internacional-del-acoso-escolar-desde-el-municipio-buscan-erradicar-estas-conductas-daninas-en-las-escuelas\/","title":{"rendered":"EN EL MARCO DEL D\u00cdA INTERNACIONAL DEL ACOSO ESCOLAR, DESDE EL MUNICIPIO BUSCAN ERRADICAR ESTAS CONDUCTAS DA\u00d1INAS EN LAS ESCUELAS"},"content":{"rendered":"<p><strong>Cada 2 de mayo se conmemora el D\u00eda Internacional del Acoso Escolar, tambi\u00e9n conocido como bullying. La fecha fue establecida por asociaciones de padres y diversas organizaciones no gubernamentales para concienciar sobre los riesgos del acoso escolar.<\/strong><\/p>\n<p>La Coordinadora el \u00e1rea de Ni\u00f1ez y Adolescencia, Suyai Ali, se\u00f1al\u00f3 que \u201c<strong><em>si bien esta problem\u00e1tica ha estado vigente desde hace tiempo, en los \u00faltimos a\u00f1os se ha buscado una mayor concientizaci\u00f3n y as\u00ed evitar los actos de violencia en las escuelas\u201d.<\/em><\/strong><\/p>\n<p>Ante la consulta de c\u00f3mo deben actuar los directivos y docentes ante situaciones similares, Al\u00ed explic\u00f3 que <strong><em>\u201cdesde la Coordinaci\u00f3n siempre se aconseja que toda la comunidad educativa que nota u observe estas situaciones no haga la vista gorda e intervenga para proteger la integridad de los alumnos\u201d.<\/em> <\/strong>Adem\u00e1s, anim\u00f3 a los alumnos a <em><strong>\u201cdenunciar si sufren de acoso escolar o conocen que alg\u00fan compa\u00f1ero est\u00e1 pasando por esto\u201d.<\/strong><\/em><\/p>\n<p>Por \u00faltimo, Suyai Al\u00ed sostuvo que <strong><em>\u201csi bien se ha logrado un gran avance en la concientizaci\u00f3n, es necesario seguir trabajando fuertemente en las escuelas y generar un mayor v\u00ednculo con los alumnos para asegurar su protecci\u00f3n\u201d.<\/em><\/strong><\/p>\n","protected":false},"excerpt":{"rendered":"<p>Cada 2 de mayo se conmemora el D\u00eda Internacional del Acoso Escolar, tambi\u00e9n conocido como bullying. La fecha fue establecida por &#8230;<\/p>\n","protected":false},"author":7,"featured_media":135026,"comment_status":"open","ping_status":"open","sticky":false,"template":"","format":"standard","meta":{"footnotes":""},"categories":[5,11],"tags":[],"class_list":["post-135025","post","type-post","status-publish","format-standard","has-post-thumbnail","hentry","category-actualidad","category-sociales"],"_links":{"self":[{"href":"https:\/\/vinasfm.com\/noticias\/wp-json\/wp\/v2\/posts\/135025","targetHints":{"allow":["GET"]}}],"collection":[{"href":"https:\/\/vinasfm.com\/noticias\/wp-json\/wp\/v2\/posts"}],"about":[{"href":"https:\/\/vinasfm.com\/noticias\/wp-json\/wp\/v2\/types\/post"}],"author":[{"embeddable":true,"href":"https:\/\/vinasfm.com\/noticias\/wp-json\/wp\/v2\/users\/7"}],"replies":[{"embeddable":true,"href":"https:\/\/vinasfm.com\/noticias\/wp-json\/wp\/v2\/comments?post=135025"}],"version-history":[{"count":1,"href":"https:\/\/vinasfm.com\/noticias\/wp-json\/wp\/v2\/posts\/135025\/revisions"}],"predecessor-version":[{"id":135027,"href":"https:\/\/vinasfm.com\/noticias\/wp-json\/wp\/v2\/posts\/135025\/revisions\/135027"}],"wp:featuredmedia":[{"embeddable":true,"href":"https:\/\/vinasfm.com\/noticias\/wp-json\/wp\/v2\/media\/135026"}],"wp:attachment":[{"href":"https:\/\/vinasfm.com\/noticias\/wp-json\/wp\/v2\/media?parent=135025"}],"wp:term":[{"taxonomy":"category","embeddable":true,"href":"https:\/\/vinasfm.com\/noticias\/wp-json\/wp\/v2\/categories?post=135025"},{"taxonomy":"post_tag","embeddable":true,"href":"https:\/\/vinasfm.com\/noticias\/wp-json\/wp\/v2\/tags?post=135025"}],"curies":[{"name":"wp","href":"https:\/\/api.w.org\/{rel}","templated":true}]}}