{"id":135022,"date":"2024-05-03T10:16:37","date_gmt":"2024-05-03T13:16:37","guid":{"rendered":"https:\/\/vinasfm.com\/noticias\/?p=135022"},"modified":"2024-05-06T08:56:07","modified_gmt":"2024-05-06T11:56:07","slug":"hay-preocupacion-por-el-deterioro-creciente-del-arbolado-publico-de-mendoza","status":"publish","type":"post","link":"https:\/\/vinasfm.com\/noticias\/hay-preocupacion-por-el-deterioro-creciente-del-arbolado-publico-de-mendoza\/","title":{"rendered":"HAY PREOCUPACI\u00d3N POR EL DETERIORO CRECIENTE DEL ARBOLADO P\u00daBLICO DE MENDOZA"},"content":{"rendered":"<h4><span style=\"color: #000000;\"><strong>La advertencia se expresa desde hace tiempo, determinantemente y obliga a tomar medidas urgentes. El actual contexto de sequ\u00eda y cambio clim\u00e1tico exige establecer prioridades a la hora de preservar el arbolado de la provincia.<\/strong><\/span><\/h4>\n<p><span style=\"color: #000000;\">Por ello, el Observatorio del Desarrollo Urbano del Colegio de Arquitectos de Mendoza (CAMZA) y Concejo del Arbolado P\u00fablico Provincial vienen trabajando en relaci\u00f3n a fijar una pol\u00edtica p\u00fablica de protecci\u00f3n y defensa del arbolado en su conjunto y de aquel de m\u00e1s de 100 a\u00f1os.<\/span><\/p>\n<p><span style=\"color: #000000;\">La arquitecta Carla Baldovin, coordinadora del Observatorio en su Sede Regional Sur, demostr\u00f3 su preocupaci\u00f3n en torno a esta cuesti\u00f3n. \u00abEl tema del arbolado p\u00fablico es vital para la calidad de vida de nuestras ciudades. Por esta raz\u00f3n, el Observatorio del Desarrollo Urbano del Colegio de Arquitectos de Mendoza est\u00e1 lanzando una convocatoria para que se sumen las organizaciones a este tipo de pol\u00edticas, ya que los \u00e1rboles son fundamentales para nuestro ecosistema, evitan la erosi\u00f3n del suelo y purifican el agua. En nuestro ambiente des\u00e9rtico equilibran la temperatura de la ciudad por el calor que producen las edificaciones. Los \u00e1rboles no son solamente sin\u00f3nimo de belleza\u00bb, expres\u00f3 al principio de la nota.<\/span><\/p>\n<p><span style=\"color: #000000;\">\u00abSon parte de nuestro paisaje cultural. Los \u00e1rboles y las acequias nos hacen ser \u00fanicos. El arbolado p\u00fablico precisa siempre de nuestra atenci\u00f3n. En la actualidad vemos con preocupaci\u00f3n el deterioro que sufre. Al respecto de este tema, en el observatorio trabajamos en dos programas que se centran en la puesta en valor del patrimonio cultural y natural que tienen las especies. En ese sentido, hoy nos estamos focalizando en un proyecto de concientizaci\u00f3n que pone el \u00e9nfasis en las escuelas. Hemos generado una red con otras instituciones para elaborar pol\u00edticas de cuidado y preservaci\u00f3n\u00bb, ampli\u00f3.<\/span><\/p>\n<p><span style=\"color: #000000;\">En ese sentido, coment\u00f3 c\u00f3mo incide negativamente la crisis h\u00eddrica y el cambio clim\u00e1tico en la conservaci\u00f3n de los \u00e1rboles. \u00abEs esencial la presencia de los profesionales en la planificaci\u00f3n y el cuidado de los espacios verdes. Estamos hablando de un sistema muy complejo. La forestaci\u00f3n tiene aspectos t\u00e9cnicos que son cruciales en la gesti\u00f3n del arbolado. Esta temporada fue at\u00edpica en cuanto a la disponibilidad del recurso h\u00eddrico. El cuidado del agua es fundamental, hoy hay acequias que no tienen la permeabilidad suficiente para que el \u00e1rbol tome agua por las ra\u00edces\u00bb, pronunci\u00f3.<\/span><\/p>\n<p><span style=\"color: #000000;\">Asimismo, se refiri\u00f3 al tema de la renovaci\u00f3n de las variedades. \u00abEl reemplazo de las variedades est\u00e1 reglamentado. Existe una normativa en nuestra provincia que establece todo un marco legal de la gesti\u00f3n del arbolado. Hay una selecci\u00f3n de especies determinadas para cada zona. No obstante, en San Rafael ya deber\u00edamos tener una planificaci\u00f3n de forestaci\u00f3n, en una misma cuadra no se pueden plantar un pl\u00e1tano o una mora, ya que despu\u00e9s para podar los \u00e1rboles se hace bajo un tratamiento fitosanitario. Se debe respetar una homogeneidad a lo largo de las cuadras\u00bb, sostuvo la arquitecta.<\/span><\/p>\n<p><span style=\"color: #000000;\">\u00abCon relaci\u00f3n a ese tema estamos trabajando con el Colegio de Arquitectos en la preservaci\u00f3n de los territorios patrimonializados de las arboledas. Las mismas son a\u00f1osas y est\u00e1n declaradas como patrimonio. Un ejemplo de ello son los pl\u00e1tanos sobre el acceso de la ruta 143. All\u00ed, estamos haciendo un diagn\u00f3stico profundo sobre el estado actual de los mismos. La preservaci\u00f3n de nuestra imagen cultural es fundamental. Lo mismo sucede con los carolinos de Villa 25 de Mayo\u00bb, destac\u00f3.<\/span><\/p>\n<p><span style=\"color: #000000;\">Para concluir, asever\u00f3 que para preservar las especies es primordial trabajar en el cuidado. \u00abEl mantenimiento es esencial. Las acequias tienen que estar en buen estado y ser permeables. No es bueno que nos estemos quedando sin \u00e1rboles. La realidad es que hace faltan m\u00e1s controles\u00bb, finaliz\u00f3.<\/span><\/p>\n<h6>Diario San Rafael<\/h6>\n","protected":false},"excerpt":{"rendered":"<p>La advertencia se expresa desde hace tiempo, determinantemente y obliga a tomar medidas urgentes. El actual contexto de sequ\u00eda y cambio &#8230;<\/p>\n","protected":false},"author":7,"featured_media":135023,"comment_status":"open","ping_status":"open","sticky":false,"template":"","format":"standard","meta":{"footnotes":""},"categories":[5,10],"tags":[],"class_list":["post-135022","post","type-post","status-publish","format-standard","has-post-thumbnail","hentry","category-actualidad","category-destacadas"],"_links":{"self":[{"href":"https:\/\/vinasfm.com\/noticias\/wp-json\/wp\/v2\/posts\/135022","targetHints":{"allow":["GET"]}}],"collection":[{"href":"https:\/\/vinasfm.com\/noticias\/wp-json\/wp\/v2\/posts"}],"about":[{"href":"https:\/\/vinasfm.com\/noticias\/wp-json\/wp\/v2\/types\/post"}],"author":[{"embeddable":true,"href":"https:\/\/vinasfm.com\/noticias\/wp-json\/wp\/v2\/users\/7"}],"replies":[{"embeddable":true,"href":"https:\/\/vinasfm.com\/noticias\/wp-json\/wp\/v2\/comments?post=135022"}],"version-history":[{"count":2,"href":"https:\/\/vinasfm.com\/noticias\/wp-json\/wp\/v2\/posts\/135022\/revisions"}],"predecessor-version":[{"id":135057,"href":"https:\/\/vinasfm.com\/noticias\/wp-json\/wp\/v2\/posts\/135022\/revisions\/135057"}],"wp:featuredmedia":[{"embeddable":true,"href":"https:\/\/vinasfm.com\/noticias\/wp-json\/wp\/v2\/media\/135023"}],"wp:attachment":[{"href":"https:\/\/vinasfm.com\/noticias\/wp-json\/wp\/v2\/media?parent=135022"}],"wp:term":[{"taxonomy":"category","embeddable":true,"href":"https:\/\/vinasfm.com\/noticias\/wp-json\/wp\/v2\/categories?post=135022"},{"taxonomy":"post_tag","embeddable":true,"href":"https:\/\/vinasfm.com\/noticias\/wp-json\/wp\/v2\/tags?post=135022"}],"curies":[{"name":"wp","href":"https:\/\/api.w.org\/{rel}","templated":true}]}}