{"id":135014,"date":"2024-05-03T09:55:24","date_gmt":"2024-05-03T12:55:24","guid":{"rendered":"https:\/\/vinasfm.com\/noticias\/?p=135014"},"modified":"2024-05-04T10:38:51","modified_gmt":"2024-05-04T13:38:51","slug":"marcos-domenech-desde-el-area-departamental-de-salud-la-vacuna-es-segura-es-recomendada-y-esta-en-el-calendario-obligatorio","status":"publish","type":"post","link":"https:\/\/vinasfm.com\/noticias\/marcos-domenech-desde-el-area-departamental-de-salud-la-vacuna-es-segura-es-recomendada-y-esta-en-el-calendario-obligatorio\/","title":{"rendered":"MARCOS DOMENECH DESDE EL \u00c0REA DEPARTAMENTAL DE SALUD: &#8216;LA VACUNA ES SEGURA, ES RECOMENDADA Y ESTA EN EL CALENDARIO OBLIGATORIO&#8217;"},"content":{"rendered":"<h4><strong>Se dio inicio a la campa\u00f1a de vacunaci\u00f3n en las escuelas primarias.\u00a0<\/strong><\/h4>\n<p>As\u00ed lo desarrollo Marcos Domenech, coordinador del \u00e1rea departamental de salud: <em><strong>&#8216;inicio la campa\u00f1a de vacunaci\u00f3n obligatoria, se comienza en las distintas escuelas, principalmente con las del casco c\u00e9ntrico&#8217; <\/strong><\/em><\/p>\n<p><em><strong>&#8216;Recordamos que todos los centros de salud est\u00e1n disponibles en la campa\u00f1a de vacunacion&#8217;.<\/strong><\/em><\/p>\n<p>Adem\u00e1s agrego que seguiran haciendo campa\u00f1a para poder ayudar a todos los ciudadanos y concientizar sobre la importancia que conlleva el calendario de vacunaci\u00f3n <em><strong>&#8216;Vamos a aprovechar a seguir haciendo campa\u00f1a y m\u00e1s ahora con el inicio de la Fiesta de la Ganader\u00eda&#8217;.\u00a0<\/strong><\/em><\/p>\n<p>Por otro lado se refirio al trabajo que hacen con las diferentes instituciones educativas de General Alvear: <em><strong>&#8216;con las escuelas ya se establece un cronograma, los directivos del colegio mandan una notificaci\u00f3n a los padres para solicitar su autorizaci\u00f3n y a partir de la confirmacion se comienza a vacunar&#8217;<\/strong><\/em><\/p>\n","protected":false},"excerpt":{"rendered":"<p>Se dio inicio a la campa\u00f1a de vacunaci\u00f3n en las escuelas primarias.\u00a0 As\u00ed lo desarrollo Marcos Domenech, coordinador del \u00e1rea departamental &#8230;<\/p>\n","protected":false},"author":7,"featured_media":120441,"comment_status":"open","ping_status":"open","sticky":false,"template":"","format":"standard","meta":{"footnotes":""},"categories":[5,15],"tags":[],"class_list":["post-135014","post","type-post","status-publish","format-standard","has-post-thumbnail","hentry","category-actualidad","category-salud"],"_links":{"self":[{"href":"https:\/\/vinasfm.com\/noticias\/wp-json\/wp\/v2\/posts\/135014","targetHints":{"allow":["GET"]}}],"collection":[{"href":"https:\/\/vinasfm.com\/noticias\/wp-json\/wp\/v2\/posts"}],"about":[{"href":"https:\/\/vinasfm.com\/noticias\/wp-json\/wp\/v2\/types\/post"}],"author":[{"embeddable":true,"href":"https:\/\/vinasfm.com\/noticias\/wp-json\/wp\/v2\/users\/7"}],"replies":[{"embeddable":true,"href":"https:\/\/vinasfm.com\/noticias\/wp-json\/wp\/v2\/comments?post=135014"}],"version-history":[{"count":1,"href":"https:\/\/vinasfm.com\/noticias\/wp-json\/wp\/v2\/posts\/135014\/revisions"}],"predecessor-version":[{"id":135020,"href":"https:\/\/vinasfm.com\/noticias\/wp-json\/wp\/v2\/posts\/135014\/revisions\/135020"}],"wp:featuredmedia":[{"embeddable":true,"href":"https:\/\/vinasfm.com\/noticias\/wp-json\/wp\/v2\/media\/120441"}],"wp:attachment":[{"href":"https:\/\/vinasfm.com\/noticias\/wp-json\/wp\/v2\/media?parent=135014"}],"wp:term":[{"taxonomy":"category","embeddable":true,"href":"https:\/\/vinasfm.com\/noticias\/wp-json\/wp\/v2\/categories?post=135014"},{"taxonomy":"post_tag","embeddable":true,"href":"https:\/\/vinasfm.com\/noticias\/wp-json\/wp\/v2\/tags?post=135014"}],"curies":[{"name":"wp","href":"https:\/\/api.w.org\/{rel}","templated":true}]}}