{"id":134975,"date":"2024-05-02T10:08:50","date_gmt":"2024-05-02T13:08:50","guid":{"rendered":"https:\/\/vinasfm.com\/noticias\/?p=134975"},"modified":"2024-05-03T08:18:52","modified_gmt":"2024-05-03T11:18:52","slug":"la-asesoria-de-gestion-ambiental-lleva-adelande-un-programa-de-agroecologia-con-distintas-instituciones-educativas","status":"publish","type":"post","link":"https:\/\/vinasfm.com\/noticias\/la-asesoria-de-gestion-ambiental-lleva-adelande-un-programa-de-agroecologia-con-distintas-instituciones-educativas\/","title":{"rendered":"LA ASESOR\u00cdA DE GESTI\u00d3N AMBIENTAL LLEVA ADELANDE UN PROGRAMA DE AGROECOLOG\u00cdA CON DISTINTAS INSTITUCIONES EDUCATIVAS"},"content":{"rendered":"<h4><strong>Como parte del programa se est\u00e1 trabajando en huertas agroecol\u00f3gicas junto a la Asociaci\u00f3n Protecci\u00f3n Integral del Discapacitado (APID).<\/strong><\/h4>\n<p>Denis Rabanal, a cargo de la Asesor\u00eda de Gesti\u00f3n Ambiental de General Alvear, explic\u00f3 que <strong><i>\u00abdurante el 2023 se dio inicio a un Programa de Agroecol\u00f3gica, la primara etapa consisti\u00f3 en abordar la parte te\u00f3rica de los principios de la agroecol\u00f3gica y esta consiste llevar los conocimientos a la pr\u00e1ctica\u00bb.<\/i><\/strong> Para ello comenzaron a trabajar con huertas agroecol\u00f3gicas en distintas instituciones educativas.<\/p>\n<p>Actualmente se est\u00e1 trabajando en 6 huertas distribuidas en distintos establecimientos que incluyen a APID, la Escuela \u00a0N\u00ba 1-504 Pedro Christophersen de Carmensa, Escuela N\u00b0 1-433 Cruz Roja de Bowen y la Escuela N\u00b01-616 Amado Sad. <em><strong>\u00abCon este programa no solo incentivamos al cuidado del suelo dentro de las comunidades educativas, sino que tambi\u00e9n invitamos a los vecinos a replicar la actividad en sus hogares\u00bb<\/strong><\/em>, destac\u00f3 Rabanal.<\/p>\n<p><span style=\"color: #000000;\">La Asesor\u00eda de Gesti\u00f3n Ambiental tambi\u00e9n lleva adelante el programa<\/span> <a href=\"https:\/\/alvearmendoza.gob.ar\/diferentes-actividades-en-el-marco-del-mes-del-compostaje\/\">\u00abPunto Compost\u00bb<\/a> <span style=\"color: #000000;\">el cual consiste en la recolecci\u00f3n de hojas las cuales mezcl\u00e1ndolas con materia org\u00e1nica como cascaras, huevo o yerba del mate se genera compost que puede ser utilizado a para fortalecer y nutrir la tierra.\u00a0<\/span><\/p>\n<p>&nbsp;<\/p>\n","protected":false},"excerpt":{"rendered":"<p>Como parte del programa se est\u00e1 trabajando en huertas agroecol\u00f3gicas junto a la Asociaci\u00f3n Protecci\u00f3n Integral del Discapacitado (APID). Denis Rabanal, &#8230;<\/p>\n","protected":false},"author":7,"featured_media":134976,"comment_status":"open","ping_status":"open","sticky":false,"template":"","format":"standard","meta":{"footnotes":""},"categories":[5,192],"tags":[],"class_list":["post-134975","post","type-post","status-publish","format-standard","has-post-thumbnail","hentry","category-actualidad","category-gestion-ambiental"],"_links":{"self":[{"href":"https:\/\/vinasfm.com\/noticias\/wp-json\/wp\/v2\/posts\/134975","targetHints":{"allow":["GET"]}}],"collection":[{"href":"https:\/\/vinasfm.com\/noticias\/wp-json\/wp\/v2\/posts"}],"about":[{"href":"https:\/\/vinasfm.com\/noticias\/wp-json\/wp\/v2\/types\/post"}],"author":[{"embeddable":true,"href":"https:\/\/vinasfm.com\/noticias\/wp-json\/wp\/v2\/users\/7"}],"replies":[{"embeddable":true,"href":"https:\/\/vinasfm.com\/noticias\/wp-json\/wp\/v2\/comments?post=134975"}],"version-history":[{"count":4,"href":"https:\/\/vinasfm.com\/noticias\/wp-json\/wp\/v2\/posts\/134975\/revisions"}],"predecessor-version":[{"id":134986,"href":"https:\/\/vinasfm.com\/noticias\/wp-json\/wp\/v2\/posts\/134975\/revisions\/134986"}],"wp:featuredmedia":[{"embeddable":true,"href":"https:\/\/vinasfm.com\/noticias\/wp-json\/wp\/v2\/media\/134976"}],"wp:attachment":[{"href":"https:\/\/vinasfm.com\/noticias\/wp-json\/wp\/v2\/media?parent=134975"}],"wp:term":[{"taxonomy":"category","embeddable":true,"href":"https:\/\/vinasfm.com\/noticias\/wp-json\/wp\/v2\/categories?post=134975"},{"taxonomy":"post_tag","embeddable":true,"href":"https:\/\/vinasfm.com\/noticias\/wp-json\/wp\/v2\/tags?post=134975"}],"curies":[{"name":"wp","href":"https:\/\/api.w.org\/{rel}","templated":true}]}}