{"id":134967,"date":"2024-05-02T09:23:46","date_gmt":"2024-05-02T12:23:46","guid":{"rendered":"https:\/\/vinasfm.com\/noticias\/?p=134967"},"modified":"2024-05-03T08:05:47","modified_gmt":"2024-05-03T11:05:47","slug":"hay-gran-expectativa-con-el-remate-de-la-43-fiesta-nacional-de-la-ganaderia","status":"publish","type":"post","link":"https:\/\/vinasfm.com\/noticias\/hay-gran-expectativa-con-el-remate-de-la-43-fiesta-nacional-de-la-ganaderia\/","title":{"rendered":"HAY GRAN EXPECTATIVA CON EL REMATE DE LA 43\u00b0 FIESTA NACIONAL DE LA GANADER\u00cdA"},"content":{"rendered":"<p><span style=\"color: #000000;\"><strong>El remate, parte del ADN de la Fiesta de la Ganader\u00eda, ser\u00e1 el d\u00eda viernes 10 de mayo. En esta oportunidad, Aguirre V\u00e1zquez S.A. ser\u00e1 la \u00fanica firma presente<\/strong><\/span><\/p>\n<p><span style=\"color: #000000;\">Como cada a\u00f1o, \u00a0el remate ganadero que se realiza en el marco de la Fiesta demuestra la gran calidad de la hacienda mendocina. Con un importante n\u00famero de cabezas, se espera que los ganaderos puedan llegar a importantes negocios.<\/span><\/p>\n<p><span style=\"color: #000000;\">Agust\u00edn Fern\u00e1ndez, presidente de la Espec\u00edfica de la Ganader\u00eda, explic\u00f3 que <strong><em>\u201cla Fiesta siempre tuvo como norma que solo se pod\u00eda presentar ganado en las categor\u00edas terneros, terneras, vaquillonas y reproductoras (tanto para remate como para exposici\u00f3n. La esencia sigue siendo la misma y por eso se espera un buen n\u00famero de cabezas\u201d.<\/em><\/strong><\/span><\/p>\n<p><span style=\"color: #000000;\">En cuanto al cambio en la calidad de la hacienda, Fern\u00e1ndez se\u00f1al\u00f3 que <strong><em>\u201ccada a\u00f1o se puede ver la mejora gen\u00e9tica, lo que representa la gran inversi\u00f3n que hacen los ganaderos para que la producci\u00f3n de Mendoza est\u00e9 a la misma altura que la de otras provincias\u201d.<\/em><\/strong> Adem\u00e1s, sostuvo que <strong><em>\u201chay una gran diferencia a la hora de comercializar, pero la producci\u00f3n local ha logrado posicionarse dentro los mejores precios del mercado\u201d.<\/em><\/strong><\/span><\/p>\n<h2><span style=\"color: #000000;\"><strong><em>JORNADAS T\u00c9CNICAS<\/em><\/strong><\/span><\/h2>\n<p><span style=\"color: #000000;\">Como cada a\u00f1o, durante el desarrollo de la Fiesta Nacional de la Ganader\u00eda se brindar\u00e1 una serie de charlas t\u00e9cnicas a productores y estudiantes. Las mismas estar\u00e1n a cargo de la M\u00e9dica Veterinaria Leticia Yanz\u00f3n y el periodista especializado en econom\u00eda, mercado, comercio y consumo Dami\u00e1n Di Pace. \u00a0Adem\u00e1s, desde el Cl\u00faster Ganadero brindar\u00e1 un balance del trabajo realizado hasta el momento.<\/span><\/p>\n<p><span style=\"color: #000000;\"><em><strong>\u201cNos pone muy contentos que la gente responde muy bien y siempre tenemos gran convocatoria a las charlas t\u00e9cnicas. Eso hace muy bien del deseo de productores y empresarios de seguir apostando por esta actividad\u201d<\/strong><\/em>, concluy\u00f3 Agust\u00edn Fern\u00e1ndez presidente de la Espec\u00edfica de Ganader\u00eda.<\/span><\/p>\n","protected":false},"excerpt":{"rendered":"<p>El remate, parte del ADN de la Fiesta de la Ganader\u00eda, ser\u00e1 el d\u00eda viernes 10 de mayo. En esta oportunidad, &#8230;<\/p>\n","protected":false},"author":7,"featured_media":134970,"comment_status":"open","ping_status":"open","sticky":false,"template":"","format":"standard","meta":{"footnotes":""},"categories":[5,28],"tags":[],"class_list":["post-134967","post","type-post","status-publish","format-standard","has-post-thumbnail","hentry","category-actualidad","category-fiesta-nacional-de-la-ganaderia"],"_links":{"self":[{"href":"https:\/\/vinasfm.com\/noticias\/wp-json\/wp\/v2\/posts\/134967","targetHints":{"allow":["GET"]}}],"collection":[{"href":"https:\/\/vinasfm.com\/noticias\/wp-json\/wp\/v2\/posts"}],"about":[{"href":"https:\/\/vinasfm.com\/noticias\/wp-json\/wp\/v2\/types\/post"}],"author":[{"embeddable":true,"href":"https:\/\/vinasfm.com\/noticias\/wp-json\/wp\/v2\/users\/7"}],"replies":[{"embeddable":true,"href":"https:\/\/vinasfm.com\/noticias\/wp-json\/wp\/v2\/comments?post=134967"}],"version-history":[{"count":1,"href":"https:\/\/vinasfm.com\/noticias\/wp-json\/wp\/v2\/posts\/134967\/revisions"}],"predecessor-version":[{"id":134971,"href":"https:\/\/vinasfm.com\/noticias\/wp-json\/wp\/v2\/posts\/134967\/revisions\/134971"}],"wp:featuredmedia":[{"embeddable":true,"href":"https:\/\/vinasfm.com\/noticias\/wp-json\/wp\/v2\/media\/134970"}],"wp:attachment":[{"href":"https:\/\/vinasfm.com\/noticias\/wp-json\/wp\/v2\/media?parent=134967"}],"wp:term":[{"taxonomy":"category","embeddable":true,"href":"https:\/\/vinasfm.com\/noticias\/wp-json\/wp\/v2\/categories?post=134967"},{"taxonomy":"post_tag","embeddable":true,"href":"https:\/\/vinasfm.com\/noticias\/wp-json\/wp\/v2\/tags?post=134967"}],"curies":[{"name":"wp","href":"https:\/\/api.w.org\/{rel}","templated":true}]}}