{"id":134958,"date":"2024-05-01T10:28:20","date_gmt":"2024-05-01T13:28:20","guid":{"rendered":"https:\/\/vinasfm.com\/noticias\/?p=134958"},"modified":"2024-05-03T08:06:33","modified_gmt":"2024-05-03T11:06:33","slug":"villegas-se-refirio-al-conflicto-con-la-pampa-y-sostuvo-que-desde-la-vecina-provincia-siempre-obraron-de-mala-fe","status":"publish","type":"post","link":"https:\/\/vinasfm.com\/noticias\/villegas-se-refirio-al-conflicto-con-la-pampa-y-sostuvo-que-desde-la-vecina-provincia-siempre-obraron-de-mala-fe\/","title":{"rendered":"GUSTAVO VILLEGAS SE REFIRI\u00d3 AL CONFLICTO CON LA PAMPA Y SOSTUVO QUE DESDE LA VECINA PROVINCIA \u00abSIEMPRE OBRARON DE MALA FE\u00bb"},"content":{"rendered":"<h4><strong>El Gobernador de La Pampa, Sergio Ziliotto, present\u00f3 un informe a la Corte Suprema en donde asegura que \u00abel r\u00edo Atuel presenta \u00f3ptimas condiciones para cumplimentar permanentemente el fallo de 2020\u00bb.<\/strong><\/h4>\n<p>El eterno conflicto por el agua del r\u00edo Atuel entre Mendoza y La Pampa lleg\u00f3 a un nuevo enfrentamiento, y es que seg\u00fan un informe presentado por el mandatario de la vecina provincia<em> <a href=\"https:\/\/apn.lapampa.gob.ar\/nota\/detalle\/id\/24640\/Ro-Atuel-el-fin-de-las-excusas-de-Mendoza-agua-hay\">\u00abhay agua en el Atuel y el incumplimiento a la sentencia judicial es una mera conducta de apropiaci\u00f3n del agua y no a una imposibilidad f\u00e1ctica\u00bb.<\/a><\/em><\/p>\n<p>Con el fin de defenderse de las acusaciones, desde Mendoza desmintieron los dichos de Ziliotto. Gustavo Villegas, Consejero de Irrigaci\u00f3n por el r\u00edo Atuel, se\u00f1al\u00f3 que \u00ab<strong><em>la Provincia no ten\u00eda notificaci\u00f3n sobre dicha presentaci\u00f3n en la Corte y, cuando se notifique formalmente, vamos a responder\u00bb.\u00a0<\/em><\/strong><\/p>\n<p>Sobre las declaraciones period\u00edsticas del Gobernador pampeano, en donde aseguraba que <strong><em>\u00ablas necesidades h\u00eddricas de Mendoza est\u00e1n satisfechas\u00bb<\/em><\/strong>,\u00a0 Villegas sostuvo que <strong><em>\u00abestamos lejos de estar satisfechos. Ha sido un a\u00f1o extraordinario en base a los 12 a\u00f1os anteriores de sequ\u00eda extrema, pero seguimos con un importante d\u00e9ficit h\u00eddrico\u00bb.\u00a0<\/em><\/strong><\/p>\n<p><a href=\"https:\/\/vinasfm.com\/noticias\/wp-content\/uploads\/2024\/05\/vBm5uU4F_400x400.jpg\"><img loading=\"lazy\" decoding=\"async\" class=\"alignnone wp-image-134963 size-full\" src=\"https:\/\/vinasfm.com\/noticias\/wp-content\/uploads\/2024\/05\/vBm5uU4F_400x400.jpg\" alt=\"\" width=\"400\" height=\"400\" srcset=\"https:\/\/vinasfm.com\/noticias\/wp-content\/uploads\/2024\/05\/vBm5uU4F_400x400.jpg 400w, https:\/\/vinasfm.com\/noticias\/wp-content\/uploads\/2024\/05\/vBm5uU4F_400x400-300x300.jpg 300w, https:\/\/vinasfm.com\/noticias\/wp-content\/uploads\/2024\/05\/vBm5uU4F_400x400-150x150.jpg 150w, https:\/\/vinasfm.com\/noticias\/wp-content\/uploads\/2024\/05\/vBm5uU4F_400x400-360x360.jpg 360w\" sizes=\"auto, (max-width: 400px) 100vw, 400px\" \/><\/a><\/p>\n<h6>Sergio Ziliotto, Gobernador de La Pampa.<\/h6>\n<p>&nbsp;<\/p>\n<p>&nbsp;<\/p>\n<p>&nbsp;<\/p>\n<p>La sentencia de la Corte en 2020 fij\u00f3 <strong>un caudal de 3,2 m3\/s en su ingreso a la provincia de La Pampa. \u00abPara cumplir esta sentencia ser\u00e1 necesario mucha cantidad del embalse, lo cual nos va a perjudicar<em> severamente\u00bb<\/em><\/strong>, explic\u00f3 el Consejero y agreg\u00f3 que <strong><em>\u00abellos dijeron que Mendoza oculta datos pero toda la informaci\u00f3n que maneja el Departamento General de Irrigaci\u00f3n es p\u00fablica y pueden confirmar qu\u00e9 cantidad de agua se est\u00e1 erogando desde el dique\u00bb.\u00a0<\/em><\/strong><\/p>\n<p><em><strong>\u00abDesde La Pampa toman y manejan datos a su conveniencia, siempre han obrado de mala fe\u00bb<\/strong><\/em>, apunt\u00f3 Gustavo Villegas y sum\u00f3 <em><strong>\u00abhemos hablado con los pampeanos que viven cerca del l\u00edmite y han manifestado que no quieren el agua porque carecen de las obras necesarias para conducirla\u00bb.\u00a0<\/strong><\/em><\/p>\n<h6>G. Vallejos<\/h6>\n","protected":false},"excerpt":{"rendered":"<p>El Gobernador de La Pampa, Sergio Ziliotto, present\u00f3 un informe a la Corte Suprema en donde asegura que \u00abel r\u00edo Atuel &#8230;<\/p>\n","protected":false},"author":7,"featured_media":134960,"comment_status":"open","ping_status":"open","sticky":false,"template":"","format":"standard","meta":{"footnotes":""},"categories":[5,10],"tags":[],"class_list":["post-134958","post","type-post","status-publish","format-standard","has-post-thumbnail","hentry","category-actualidad","category-destacadas"],"_links":{"self":[{"href":"https:\/\/vinasfm.com\/noticias\/wp-json\/wp\/v2\/posts\/134958","targetHints":{"allow":["GET"]}}],"collection":[{"href":"https:\/\/vinasfm.com\/noticias\/wp-json\/wp\/v2\/posts"}],"about":[{"href":"https:\/\/vinasfm.com\/noticias\/wp-json\/wp\/v2\/types\/post"}],"author":[{"embeddable":true,"href":"https:\/\/vinasfm.com\/noticias\/wp-json\/wp\/v2\/users\/7"}],"replies":[{"embeddable":true,"href":"https:\/\/vinasfm.com\/noticias\/wp-json\/wp\/v2\/comments?post=134958"}],"version-history":[{"count":2,"href":"https:\/\/vinasfm.com\/noticias\/wp-json\/wp\/v2\/posts\/134958\/revisions"}],"predecessor-version":[{"id":134965,"href":"https:\/\/vinasfm.com\/noticias\/wp-json\/wp\/v2\/posts\/134958\/revisions\/134965"}],"wp:featuredmedia":[{"embeddable":true,"href":"https:\/\/vinasfm.com\/noticias\/wp-json\/wp\/v2\/media\/134960"}],"wp:attachment":[{"href":"https:\/\/vinasfm.com\/noticias\/wp-json\/wp\/v2\/media?parent=134958"}],"wp:term":[{"taxonomy":"category","embeddable":true,"href":"https:\/\/vinasfm.com\/noticias\/wp-json\/wp\/v2\/categories?post=134958"},{"taxonomy":"post_tag","embeddable":true,"href":"https:\/\/vinasfm.com\/noticias\/wp-json\/wp\/v2\/tags?post=134958"}],"curies":[{"name":"wp","href":"https:\/\/api.w.org\/{rel}","templated":true}]}}