{"id":134943,"date":"2024-05-01T08:33:34","date_gmt":"2024-05-01T11:33:34","guid":{"rendered":"https:\/\/vinasfm.com\/noticias\/?p=134943"},"modified":"2024-05-02T10:10:09","modified_gmt":"2024-05-02T13:10:09","slug":"el-informador-turistico-estara-funcionando-para-la-fiesta-nacional-de-la-ganaderia","status":"publish","type":"post","link":"https:\/\/vinasfm.com\/noticias\/el-informador-turistico-estara-funcionando-para-la-fiesta-nacional-de-la-ganaderia\/","title":{"rendered":"EL INFORMADOR TUR\u00cdSTICO ESTAR\u00c1 FUNCIONANDO PARA LA FIESTA NACIONAL DE LA GANADER\u00cdA"},"content":{"rendered":"<h4><span style=\"color: #000000;\"><strong>Fue a inicios del 2023 que, desde el Municipio, anunciaron el cierre provisorio del nuevo edificio por defectos en la construcci\u00f3n.\u00a0<\/strong><\/span><\/h4>\n<p><span style=\"color: #000000;\">La obra del edificio del informador tur\u00edstico ha culminado y ha pasado por un exhaustivo proceso de reacondicionamiento, que incluy\u00f3 la correcci\u00f3n de desperfectos el\u00e9ctricos y estructurales, el reemplazo de pisos y barandas inseguras, la mejora de la instalaci\u00f3n el\u00e9ctrica y el refuerzo de techos para evitar filtraciones.<em><strong> \u201cEstas significativas mejoras, llevadas a cabo por la empresa contratista tras la aprobaci\u00f3n provisoria de la gesti\u00f3n anterior, han transformado el edificio en un punto de referencia tur\u00edstica renovado y seguro\u201d,<\/strong><\/em> explic\u00f3 Alejandro Molero, Intendente de General Alvear<\/span><\/p>\n<p><span style=\"color: #000000;\">Tras la espera, la recepci\u00f3n definitiva pendiente ha sido suplantada por un esfuerzo decidido de reparaci\u00f3n, garantizando que el edificio est\u00e9 listo para recibir a visitantes y turistas durante la pr\u00f3xima fiesta nacional de la ganader\u00eda. Este hito representa un compromiso con la calidad y seguridad de la infraestructura tur\u00edstica local, proyectando una imagen renovada y acogedora que refleja el esp\u00edritu hospitalario de la comunidad.<\/span><\/p>\n<p><a href=\"https:\/\/vinasfm.com\/noticias\/wp-content\/uploads\/2024\/05\/C0214T01.jpg\"><img loading=\"lazy\" decoding=\"async\" class=\"alignnone wp-image-134946\" src=\"https:\/\/vinasfm.com\/noticias\/wp-content\/uploads\/2024\/05\/C0214T01-1024x576.jpg\" alt=\"\" width=\"430\" height=\"242\" srcset=\"https:\/\/vinasfm.com\/noticias\/wp-content\/uploads\/2024\/05\/C0214T01-1024x576.jpg 1024w, https:\/\/vinasfm.com\/noticias\/wp-content\/uploads\/2024\/05\/C0214T01-300x169.jpg 300w, https:\/\/vinasfm.com\/noticias\/wp-content\/uploads\/2024\/05\/C0214T01-768x432.jpg 768w, https:\/\/vinasfm.com\/noticias\/wp-content\/uploads\/2024\/05\/C0214T01-750x420.jpg 750w, https:\/\/vinasfm.com\/noticias\/wp-content\/uploads\/2024\/05\/C0214T01-1140x641.jpg 1140w, https:\/\/vinasfm.com\/noticias\/wp-content\/uploads\/2024\/05\/C0214T01.jpg 1280w\" sizes=\"auto, (max-width: 430px) 100vw, 430px\" \/><\/a> <a href=\"https:\/\/vinasfm.com\/noticias\/wp-content\/uploads\/2024\/05\/C0221T01.jpg\"><img loading=\"lazy\" decoding=\"async\" class=\"alignnone wp-image-134947\" src=\"https:\/\/vinasfm.com\/noticias\/wp-content\/uploads\/2024\/05\/C0221T01-1024x576.jpg\" alt=\"\" width=\"430\" height=\"242\" srcset=\"https:\/\/vinasfm.com\/noticias\/wp-content\/uploads\/2024\/05\/C0221T01-1024x576.jpg 1024w, https:\/\/vinasfm.com\/noticias\/wp-content\/uploads\/2024\/05\/C0221T01-300x169.jpg 300w, https:\/\/vinasfm.com\/noticias\/wp-content\/uploads\/2024\/05\/C0221T01-768x432.jpg 768w, https:\/\/vinasfm.com\/noticias\/wp-content\/uploads\/2024\/05\/C0221T01-750x420.jpg 750w, https:\/\/vinasfm.com\/noticias\/wp-content\/uploads\/2024\/05\/C0221T01-1140x641.jpg 1140w, https:\/\/vinasfm.com\/noticias\/wp-content\/uploads\/2024\/05\/C0221T01.jpg 1280w\" sizes=\"auto, (max-width: 430px) 100vw, 430px\" \/><\/a><\/p>\n<p><span style=\"color: #000000;\">Adem\u00e1s, las oficinas destinadas al alquiler tur\u00edstico continuar\u00e1n operando en el lugar, asegurando una prestaci\u00f3n continua de servicios para los visitantes interesados en explorar las riquezas y atracciones de la regi\u00f3n. Estas mejoras no solo benefician a quienes trabajan y visitan el edificio del informador tur\u00edstico, sino que tambi\u00e9n contribuyen al desarrollo sostenible del turismo local.<\/span><\/p>\n<p><span style=\"color: #000000;\"><em><strong>\u201cEl d\u00eda viernes nos entregan el edificio y comenzaremos nuevamente a proceder a la limpieza y la instalaci\u00f3n oficial del informador tur\u00edstico. Hoy podemos decir que est\u00e1 en condiciones de ser utilizado, de ser habitado y que tenga el funcionamiento inicial para el que fue pensado y dise\u00f1ado. Queremos que est\u00e9 funcionando para la Fiesta de la Ganader\u00eda para poder recibir bien a todos los visitantes ese fin de semana\u201d,<\/strong><\/em> finaliz\u00f3 el mandatario.<\/span><\/p>\n","protected":false},"excerpt":{"rendered":"<p>Fue a inicios del 2023 que, desde el Municipio, anunciaron el cierre provisorio del nuevo edificio por defectos en la construcci\u00f3n.\u00a0 &#8230;<\/p>\n","protected":false},"author":7,"featured_media":134944,"comment_status":"open","ping_status":"open","sticky":false,"template":"","format":"standard","meta":{"footnotes":""},"categories":[5,29],"tags":[],"class_list":["post-134943","post","type-post","status-publish","format-standard","has-post-thumbnail","hentry","category-actualidad","category-obras-y-servicios"],"_links":{"self":[{"href":"https:\/\/vinasfm.com\/noticias\/wp-json\/wp\/v2\/posts\/134943","targetHints":{"allow":["GET"]}}],"collection":[{"href":"https:\/\/vinasfm.com\/noticias\/wp-json\/wp\/v2\/posts"}],"about":[{"href":"https:\/\/vinasfm.com\/noticias\/wp-json\/wp\/v2\/types\/post"}],"author":[{"embeddable":true,"href":"https:\/\/vinasfm.com\/noticias\/wp-json\/wp\/v2\/users\/7"}],"replies":[{"embeddable":true,"href":"https:\/\/vinasfm.com\/noticias\/wp-json\/wp\/v2\/comments?post=134943"}],"version-history":[{"count":1,"href":"https:\/\/vinasfm.com\/noticias\/wp-json\/wp\/v2\/posts\/134943\/revisions"}],"predecessor-version":[{"id":134948,"href":"https:\/\/vinasfm.com\/noticias\/wp-json\/wp\/v2\/posts\/134943\/revisions\/134948"}],"wp:featuredmedia":[{"embeddable":true,"href":"https:\/\/vinasfm.com\/noticias\/wp-json\/wp\/v2\/media\/134944"}],"wp:attachment":[{"href":"https:\/\/vinasfm.com\/noticias\/wp-json\/wp\/v2\/media?parent=134943"}],"wp:term":[{"taxonomy":"category","embeddable":true,"href":"https:\/\/vinasfm.com\/noticias\/wp-json\/wp\/v2\/categories?post=134943"},{"taxonomy":"post_tag","embeddable":true,"href":"https:\/\/vinasfm.com\/noticias\/wp-json\/wp\/v2\/tags?post=134943"}],"curies":[{"name":"wp","href":"https:\/\/api.w.org\/{rel}","templated":true}]}}