{"id":134895,"date":"2024-04-29T10:25:56","date_gmt":"2024-04-29T13:25:56","guid":{"rendered":"https:\/\/vinasfm.com\/noticias\/?p=134895"},"modified":"2024-05-01T08:47:11","modified_gmt":"2024-05-01T11:47:11","slug":"tras-la-venta-de-diario-los-andes-despiden-personal","status":"publish","type":"post","link":"https:\/\/vinasfm.com\/noticias\/tras-la-venta-de-diario-los-andes-despiden-personal\/","title":{"rendered":"TRAS LA VENTA DE DIARIO LOS ANDES, DESPIDIERON PERSONAL"},"content":{"rendered":"<h4 class=\"description separatorlines\"><strong>El diario Los Andes fue vendido y est\u00e1n produciendo despidos en este momento.<\/strong><\/h4>\n<p>La venta del diario\u00a0<b><i>Los Andes<\/i>\u00a0<\/b>trajo como consecuencia que se haya iniciado un proceso de reducci\u00f3n de personal de las diferentes \u00e1reas que componen el diario m\u00e1s antiguo en pie de Mendoza, y el primero que se mostr\u00f3 en Internet en el pa\u00eds.<\/p>\n<p>De acuerdo con el testimonio de algunos de sus empleados,\u00a0<b>los despidos se habr\u00edan notificado con una planilla pegada en el ingreso a la tradicional empresa ubicada en avenida San Mart\u00edn<\/b>, en pleno centro de Mendoza.<\/p>\n<p>Seg\u00fan se dio a conocer, la empresa fue adquirida por un conjunto de empresas integrada por inversores de las familias Barbera, Badaloni y Alonso (estos \u00faltimos, due\u00f1os de\u00a0<i>El Sol<\/i>,\u00a0<i>Canal 9\u00a0<\/i>y\u00a0<i>LV10<\/i>).<\/p>\n<p>Algunos empleados le comentaron a\u00a0<i><b>Memo<\/b><\/i>\u00a0que<strong>\u00a0<i>\u00abhasta en el canal\u00a0Acequia TV,\u00a0del Estado, para echarlos los contact\u00f3 un abogado o un escribano, y aqu\u00ed es al voleo\u00bb.<\/i><\/strong><\/p>\n<p>En principio se dijo que quer\u00edan potenciarlo como solamente un medio digital, tal como le sucedi\u00f3 a diario\u00a0<i>UNO<\/i>\u00a0para disminuir los costos de impresi\u00f3n. Pero otras versiones dan cuenta de que continuar\u00edan con un mix, pero con un m\u00ednimo de personal. No hay, sin embargo, una voz oficial que indique el futuro del diario que tiene\u00a0<b>142 a\u00f1os de vida<\/b>. Se conoce que hasta ahora la medida abarcar\u00eda solo al personal de planta impresora y toda el \u00e1rea de impresi\u00f3n gr\u00e1fica del medio.<\/p>\n<p>El\u00a0<b>20 de octubre de 1882<\/b>, cuando sali\u00f3 a la calle por primera vez, su fundador, el doctor Adolfo Calle, se propuso <strong><em>\u00abdefender con en\u00e9rgica decisi\u00f3n los intereses de la provincia y, al hacerlo, agrupar a todos lo que amen su autonom\u00eda y se interesen por su verdadero progreso\u00bb.<\/em><\/strong><\/p>\n","protected":false},"excerpt":{"rendered":"<p>El diario Los Andes fue vendido y est\u00e1n produciendo despidos en este momento. La venta del diario\u00a0Los Andes\u00a0trajo como consecuencia que &#8230;<\/p>\n","protected":false},"author":7,"featured_media":134896,"comment_status":"open","ping_status":"open","sticky":false,"template":"","format":"standard","meta":{"footnotes":""},"categories":[5,3],"tags":[],"class_list":["post-134895","post","type-post","status-publish","format-standard","has-post-thumbnail","hentry","category-actualidad","category-deportes"],"_links":{"self":[{"href":"https:\/\/vinasfm.com\/noticias\/wp-json\/wp\/v2\/posts\/134895","targetHints":{"allow":["GET"]}}],"collection":[{"href":"https:\/\/vinasfm.com\/noticias\/wp-json\/wp\/v2\/posts"}],"about":[{"href":"https:\/\/vinasfm.com\/noticias\/wp-json\/wp\/v2\/types\/post"}],"author":[{"embeddable":true,"href":"https:\/\/vinasfm.com\/noticias\/wp-json\/wp\/v2\/users\/7"}],"replies":[{"embeddable":true,"href":"https:\/\/vinasfm.com\/noticias\/wp-json\/wp\/v2\/comments?post=134895"}],"version-history":[{"count":3,"href":"https:\/\/vinasfm.com\/noticias\/wp-json\/wp\/v2\/posts\/134895\/revisions"}],"predecessor-version":[{"id":134951,"href":"https:\/\/vinasfm.com\/noticias\/wp-json\/wp\/v2\/posts\/134895\/revisions\/134951"}],"wp:featuredmedia":[{"embeddable":true,"href":"https:\/\/vinasfm.com\/noticias\/wp-json\/wp\/v2\/media\/134896"}],"wp:attachment":[{"href":"https:\/\/vinasfm.com\/noticias\/wp-json\/wp\/v2\/media?parent=134895"}],"wp:term":[{"taxonomy":"category","embeddable":true,"href":"https:\/\/vinasfm.com\/noticias\/wp-json\/wp\/v2\/categories?post=134895"},{"taxonomy":"post_tag","embeddable":true,"href":"https:\/\/vinasfm.com\/noticias\/wp-json\/wp\/v2\/tags?post=134895"}],"curies":[{"name":"wp","href":"https:\/\/api.w.org\/{rel}","templated":true}]}}