{"id":134887,"date":"2024-04-29T10:06:06","date_gmt":"2024-04-29T13:06:06","guid":{"rendered":"https:\/\/vinasfm.com\/noticias\/?p=134887"},"modified":"2024-04-29T10:06:06","modified_gmt":"2024-04-29T13:06:06","slug":"cierra-el-paso-pehuenche-por-mal-tiempo","status":"publish","type":"post","link":"https:\/\/vinasfm.com\/noticias\/cierra-el-paso-pehuenche-por-mal-tiempo\/","title":{"rendered":"CIERRA EL PASO PEHUENCHE POR MAL TIEMPO"},"content":{"rendered":"<article class=\"article-body article-body--first-paragraph\" data-td-script-src=\"https:\/\/www.sitioandino.com.ar\/td\/modulos\/encuestas\/js\/function-embeds-min-version-1714363760.js\">Desde este lunes y hasta que las condiciones meteorol\u00f3gicas mejoren en alta monta\u00f1a,<strong>\u00a0Paso Pehuenche<\/strong>\u00a0permanecer\u00e1 cerrado.\u00a0Modelos meteorol\u00f3gicos anticipan que nevar\u00e1 en todo el cord\u00f3n cordillerano\u00a0del departamento de\u00a0<strong><a href=\"https:\/\/www.sitioandino.com.ar\/malargue-a552\" target=\"_blank\" rel=\"follow noopener\">Malarg\u00fce<\/a><\/strong>, por encima de los 2.200 metros sobre el nivel del mar.<\/p>\n<\/article>\n<article class=\"article-body article-body--second-paragraph\">La\u00a0<strong>Direcci\u00f3n Nacional para Asuntos T\u00e9cnicos de Fronteras Paso Internacional Sistema Cristo Redentor y Pehuenche<\/strong>, a trav\u00e9s del<strong>\u00a0Escuadr\u00f3n 29 Malarg\u00fce de Gendarmer\u00eda Nacional<\/strong>, inform\u00f3 que se procedi\u00f3 al cierre preventivo de Paso Pehuenche.<\/p>\n<article class=\"article-body article-body--second-paragraph\">El organismo indic\u00f3 que la medida obedece a\u00a0<strong>\u00ablas altas probabilidades de inestabilidad clim\u00e1tica en la zona\u00bb<\/strong>, principalmente nevadas<strong>\u00a0\u00abque afectar\u00edan la normal transitabilidad del corredor\u00bb<\/strong>\u00a0andino.<\/p>\n<\/article>\n<article class=\"article-body article-body--second-paragraph\">Por su parte el gobierno de Chile tom\u00f3 la misma determinaci\u00f3n teniendo en cuenta los<strong>\u00a0\u00abpron\u00f3sticos entregados por el Servicio Nacional de Prevenci\u00f3n y Respuesta ante Desastres (SENAPRED)\u00bb<\/strong>.<\/p>\n<p>La confirmaci\u00f3n la realiz\u00f3 el Delegado Presidencial Regional en el Maule ,\u00a0<strong>Humberto Aqueveque<\/strong>, explicando el funcionario trasandino que\u00a0\u201clas condiciones meteorol\u00f3gicas obligan a tomar esta decisi\u00f3n y vamos a estar monitoreando la situaci\u00f3n por si es necesario extender el cierre\u201d.<\/p>\n<h2>Nevadas en alta cordillera<\/h2>\n<p>Para este lunes se espera en alta cordillera, a partir de los 2.200 metros sobre el nivel del mar,\u00a0<strong>chubascos y nevadas<\/strong>, con mayor intensidad por encima de los 3.500 metros. Las precipitaciones abarcar\u00edan la alta monta\u00f1a del Sur de San Rafael y el Valle de Uco.<\/p>\n<p><strong>El temporal que ingres\u00f3 este domingo desde el Oc\u00e9ano Pac\u00edfico<\/strong>, permanecer\u00eda sobre el cord\u00f3n cordillerano gran parte de la semana entrante.<\/p>\n<\/article>\n<p>&nbsp;<\/p>\n<\/article>\n","protected":false},"excerpt":{"rendered":"<p>Desde este lunes y hasta que las condiciones meteorol\u00f3gicas mejoren en alta monta\u00f1a,\u00a0Paso Pehuenche\u00a0permanecer\u00e1 cerrado.\u00a0Modelos meteorol\u00f3gicos anticipan que nevar\u00e1 en todo &#8230;<\/p>\n","protected":false},"author":7,"featured_media":122766,"comment_status":"open","ping_status":"open","sticky":false,"template":"","format":"standard","meta":{"footnotes":""},"categories":[1],"tags":[],"class_list":["post-134887","post","type-post","status-publish","format-standard","has-post-thumbnail","hentry","category-fmvinas"],"_links":{"self":[{"href":"https:\/\/vinasfm.com\/noticias\/wp-json\/wp\/v2\/posts\/134887","targetHints":{"allow":["GET"]}}],"collection":[{"href":"https:\/\/vinasfm.com\/noticias\/wp-json\/wp\/v2\/posts"}],"about":[{"href":"https:\/\/vinasfm.com\/noticias\/wp-json\/wp\/v2\/types\/post"}],"author":[{"embeddable":true,"href":"https:\/\/vinasfm.com\/noticias\/wp-json\/wp\/v2\/users\/7"}],"replies":[{"embeddable":true,"href":"https:\/\/vinasfm.com\/noticias\/wp-json\/wp\/v2\/comments?post=134887"}],"version-history":[{"count":1,"href":"https:\/\/vinasfm.com\/noticias\/wp-json\/wp\/v2\/posts\/134887\/revisions"}],"predecessor-version":[{"id":134889,"href":"https:\/\/vinasfm.com\/noticias\/wp-json\/wp\/v2\/posts\/134887\/revisions\/134889"}],"wp:featuredmedia":[{"embeddable":true,"href":"https:\/\/vinasfm.com\/noticias\/wp-json\/wp\/v2\/media\/122766"}],"wp:attachment":[{"href":"https:\/\/vinasfm.com\/noticias\/wp-json\/wp\/v2\/media?parent=134887"}],"wp:term":[{"taxonomy":"category","embeddable":true,"href":"https:\/\/vinasfm.com\/noticias\/wp-json\/wp\/v2\/categories?post=134887"},{"taxonomy":"post_tag","embeddable":true,"href":"https:\/\/vinasfm.com\/noticias\/wp-json\/wp\/v2\/tags?post=134887"}],"curies":[{"name":"wp","href":"https:\/\/api.w.org\/{rel}","templated":true}]}}