{"id":134883,"date":"2024-04-29T10:04:18","date_gmt":"2024-04-29T13:04:18","guid":{"rendered":"https:\/\/vinasfm.com\/noticias\/?p=134883"},"modified":"2024-04-30T10:29:06","modified_gmt":"2024-04-30T13:29:06","slug":"ganar-amigos-la-nueva-sala-de-degustacion-de-la-bodega-faron","status":"publish","type":"post","link":"https:\/\/vinasfm.com\/noticias\/ganar-amigos-la-nueva-sala-de-degustacion-de-la-bodega-faron\/","title":{"rendered":"\u00abGANAR AMIGOS\u00bb, LA NUEVA SALA DE DEGUSTACI\u00d3N DE LA BODEGA FAR\u00d3N"},"content":{"rendered":"<h4><span style=\"color: #000000;\"><strong>Con el objetivo de seguir exponiendo todas las bondades del Monumento Hist\u00f3rico, la nueva sala de degustaci\u00f3n se transforma en un fuerte atractivo <\/strong><strong>tur\u00edstico y cultural.<\/strong><\/span><\/h4>\n<p><span style=\"color: #000000;\">En inmediaciones de Ruta Nacional 188 y calle 10 se alza la monumental estructura que alguna vez albergo una prestigiosa industria y hoy se transform\u00f3 en un \u00edcono de la cultura alverense. Desde el pasado viernes, el Multiespacio Cultural Bodega Fara\u00f3n cuenta con una nueva sala de degustaci\u00f3n llamada \u00abGanar Amigos\u00bb.\u00a0<\/span><\/p>\n<p><span style=\"color: #000000;\">El director de Turismo del Municipio, Gustavo Garc\u00eda, destac\u00f3 que<em><strong> \u00abesta sala permitir\u00e1 que los turistas conozcan y degusten vino de todas las bodegas locales, brindando una mayor oportunidad de comercializaci\u00f3n\u00bb.<\/strong><\/em> Sobre el funcionamiento explic\u00f3 que<strong><em> \u00ablas bodegas son quienes aportan sus vinos m\u00e1s destacados y en este lugar se dar\u00e1n a conocer. La sala estar\u00e1 abierta de jueves a domingos, desde las 11:00 horas y para asistir deber\u00e1n <a href=\"https:\/\/api.whatsapp.com\/send\/?phone=5492625664580&amp;text=Hola.+Necesito+m%C3%A1s+informaci%C3%B3n+sobre+https%3A%2F%2Fturismo.alvearmendoza.gob.ar%2Fsala-de-degustacion&amp;type=phone_number&amp;app_absent=0\">solicitar un turno previo<\/a> con un costo de $1.500 por persona\u00bb.\u00a0<\/em><\/strong><\/span><\/p>\n","protected":false},"excerpt":{"rendered":"<p>Con el objetivo de seguir exponiendo todas las bondades del Monumento Hist\u00f3rico, la nueva sala de degustaci\u00f3n se transforma en un &#8230;<\/p>\n","protected":false},"author":7,"featured_media":134891,"comment_status":"open","ping_status":"open","sticky":false,"template":"","format":"standard","meta":{"footnotes":""},"categories":[5,11],"tags":[],"class_list":["post-134883","post","type-post","status-publish","format-standard","has-post-thumbnail","hentry","category-actualidad","category-sociales"],"_links":{"self":[{"href":"https:\/\/vinasfm.com\/noticias\/wp-json\/wp\/v2\/posts\/134883","targetHints":{"allow":["GET"]}}],"collection":[{"href":"https:\/\/vinasfm.com\/noticias\/wp-json\/wp\/v2\/posts"}],"about":[{"href":"https:\/\/vinasfm.com\/noticias\/wp-json\/wp\/v2\/types\/post"}],"author":[{"embeddable":true,"href":"https:\/\/vinasfm.com\/noticias\/wp-json\/wp\/v2\/users\/7"}],"replies":[{"embeddable":true,"href":"https:\/\/vinasfm.com\/noticias\/wp-json\/wp\/v2\/comments?post=134883"}],"version-history":[{"count":3,"href":"https:\/\/vinasfm.com\/noticias\/wp-json\/wp\/v2\/posts\/134883\/revisions"}],"predecessor-version":[{"id":134888,"href":"https:\/\/vinasfm.com\/noticias\/wp-json\/wp\/v2\/posts\/134883\/revisions\/134888"}],"wp:featuredmedia":[{"embeddable":true,"href":"https:\/\/vinasfm.com\/noticias\/wp-json\/wp\/v2\/media\/134891"}],"wp:attachment":[{"href":"https:\/\/vinasfm.com\/noticias\/wp-json\/wp\/v2\/media?parent=134883"}],"wp:term":[{"taxonomy":"category","embeddable":true,"href":"https:\/\/vinasfm.com\/noticias\/wp-json\/wp\/v2\/categories?post=134883"},{"taxonomy":"post_tag","embeddable":true,"href":"https:\/\/vinasfm.com\/noticias\/wp-json\/wp\/v2\/tags?post=134883"}],"curies":[{"name":"wp","href":"https:\/\/api.w.org\/{rel}","templated":true}]}}