{"id":134870,"date":"2024-04-29T08:56:07","date_gmt":"2024-04-29T11:56:07","guid":{"rendered":"https:\/\/vinasfm.com\/noticias\/?p=134870"},"modified":"2024-04-30T10:00:20","modified_gmt":"2024-04-30T13:00:20","slug":"5-tropillas-de-nivel-nacional-seran-parte-de-la-jineteada-de-la-43-fiesta-nacional-de-la-ganaderia","status":"publish","type":"post","link":"https:\/\/vinasfm.com\/noticias\/5-tropillas-de-nivel-nacional-seran-parte-de-la-jineteada-de-la-43-fiesta-nacional-de-la-ganaderia\/","title":{"rendered":"5 TROPILLAS DE NIVEL NACIONAL SER\u00c1N PARTE DE LA JINETEADA EN LA 43\u00b0 FIESTA NACIONAL DE LA GANADER\u00cdA"},"content":{"rendered":"<h4><strong>La jineteada de la 43\u00b0 fiesta ganadera contar\u00e1 con la presencia de las mejores tropillas del centro del pa\u00eds y jinetes de gran jerarqu\u00eda.<\/strong><\/h4>\n<p><strong><em>\u00abNuestra Fiesta se prepara para tener un <\/em><\/strong><strong><em>espect\u00e1culo de domas a la altura del Jes\u00fas Mar\u00eda\u00bb<\/em><\/strong>, manifest\u00f3 inicialmente Norberto Balmaceda, uno de los coordinadores de la Jineteada. El evento que tendr\u00e1 lugar en el predio ferial el 12 de mayo, ya tiene las entradas a la venta y se pueden conseguir en la<a href=\"https:\/\/entradas.fiestadelaganaderialvear.com.ar\/index.html?_gl=1*fjdqic*_ga*MTQwNjU3MTU5NC4xNzA5NzIzMzI0*_ga_F0N2NLXT9L*MTcxNDM4OTc0Ny4xMi4xLjE3MTQzODk4MDQuMC4wLjA.\"> p\u00e1gina web.\u00a0<\/a><\/p>\n<p>En esta edici\u00f3n se ha convocado a 5 tropillas de nivel nacional, lo que asegura un espect\u00e1culo de gran calidad. Las tropillas confirmadas son:<strong> La Pumita<\/strong> (Enzo Vegas, de La Pampa), <strong>El Cencerro<\/strong> (Paco L\u00f3pez, Villa Mercedes \u2013 San Luis), <strong>El Destino<\/strong> (Nello Gonz\u00e1lez, Villa Mercedes \u2013 San Luis), <strong>La Embrujada<\/strong> (Marcelo Martinengo, Villa Mar\u00eda \u2013 C\u00f3rdoba) y <strong>La Argentina<\/strong> (Peco Lolich, Villa Mar\u00eda \u2013 C\u00f3rdoba).<\/p>\n<p><strong><em>\u00abComo invitado especial y un orgullo para nosotros, estar\u00e1 de regreso el bicampe\u00f3n del Prado en la categor\u00eda Crina Facundo Ag\u00fcero\u00bb<\/em><\/strong>, adelant\u00f3 el organizador. Tambi\u00e9n se suman jinetes de todo el pa\u00eds que tienen gran relevancia en festivales nacionales y han incorporado a la Fiesta de la Ganader\u00eda en su cronograma.<\/p>\n<p>Como cada a\u00f1o, el evento que le da el cierre a la Fiesta Nacional de la Ganader\u00eda de Zonas \u00c1ridas, convoca a un gran n\u00famero de diversas y lejanas localidades por lo que este a\u00f1o se han puesto algunas restricciones.<strong> \u00abEste a\u00f1o vamos a estar un poco m\u00e1s exigente\u00bb<\/strong>, se\u00f1al\u00f3 Balmaceda y continu\u00f3 que<strong><em> \u00abpedimos que el fuego de los asados, al igual que los gazebos, est\u00e9n retirados al menos 15 metros del Campo de Jineteada\u00bb.\u00a0<\/em><\/strong>Cabe destacar que se permitir\u00e1 el ingreso de parrillas y conservadoras.<\/p>\n<p><strong><em>\u00abLa C\u00e1mara y todos sus directivos han apostado a\u00f1o a a\u00f1os por esta fiesta. Como alverenses tenemos que estar orgullosos y defender la Fiesta Nacional de la Ganader\u00eda porque es lo que nos representa en toda la Argentina, no cualquiera puede organizar un evento de tal magnitud y relevancia en este \u00e9poca\u00bb<\/em><\/strong>, concluy\u00f3 Norberto Balmaceda.<\/p>\n","protected":false},"excerpt":{"rendered":"<p>La jineteada de la 43\u00b0 fiesta ganadera contar\u00e1 con la presencia de las mejores tropillas del centro del pa\u00eds y jinetes &#8230;<\/p>\n","protected":false},"author":7,"featured_media":134872,"comment_status":"open","ping_status":"open","sticky":false,"template":"","format":"standard","meta":{"footnotes":""},"categories":[5,3],"tags":[],"class_list":["post-134870","post","type-post","status-publish","format-standard","has-post-thumbnail","hentry","category-actualidad","category-deportes"],"_links":{"self":[{"href":"https:\/\/vinasfm.com\/noticias\/wp-json\/wp\/v2\/posts\/134870","targetHints":{"allow":["GET"]}}],"collection":[{"href":"https:\/\/vinasfm.com\/noticias\/wp-json\/wp\/v2\/posts"}],"about":[{"href":"https:\/\/vinasfm.com\/noticias\/wp-json\/wp\/v2\/types\/post"}],"author":[{"embeddable":true,"href":"https:\/\/vinasfm.com\/noticias\/wp-json\/wp\/v2\/users\/7"}],"replies":[{"embeddable":true,"href":"https:\/\/vinasfm.com\/noticias\/wp-json\/wp\/v2\/comments?post=134870"}],"version-history":[{"count":2,"href":"https:\/\/vinasfm.com\/noticias\/wp-json\/wp\/v2\/posts\/134870\/revisions"}],"predecessor-version":[{"id":134898,"href":"https:\/\/vinasfm.com\/noticias\/wp-json\/wp\/v2\/posts\/134870\/revisions\/134898"}],"wp:featuredmedia":[{"embeddable":true,"href":"https:\/\/vinasfm.com\/noticias\/wp-json\/wp\/v2\/media\/134872"}],"wp:attachment":[{"href":"https:\/\/vinasfm.com\/noticias\/wp-json\/wp\/v2\/media?parent=134870"}],"wp:term":[{"taxonomy":"category","embeddable":true,"href":"https:\/\/vinasfm.com\/noticias\/wp-json\/wp\/v2\/categories?post=134870"},{"taxonomy":"post_tag","embeddable":true,"href":"https:\/\/vinasfm.com\/noticias\/wp-json\/wp\/v2\/tags?post=134870"}],"curies":[{"name":"wp","href":"https:\/\/api.w.org\/{rel}","templated":true}]}}