{"id":134805,"date":"2024-04-25T12:23:50","date_gmt":"2024-04-25T15:23:50","guid":{"rendered":"https:\/\/vinasfm.com\/noticias\/?p=134805"},"modified":"2024-04-25T12:23:50","modified_gmt":"2024-04-25T15:23:50","slug":"el-gobierno-de-rodolfo-suarez-pago-600-mil-euros-para-realizar-el-premier-padel","status":"publish","type":"post","link":"https:\/\/vinasfm.com\/noticias\/el-gobierno-de-rodolfo-suarez-pago-600-mil-euros-para-realizar-el-premier-padel\/","title":{"rendered":"EL GOBIERNO DE RODOLFO SUAREZ PAG\u00d3 600 MIL EUROS PARA REALIZAR EL PREMIER PADEL"},"content":{"rendered":"<h4><span style=\"color: #000000;\"><strong>Ese fue el cach\u00e9 que se le abon\u00f3 a la asociaci\u00f3n, a la cual adem\u00e1s se le facilit\u00f3 el estadio Aconcagua Arena. A cambio, la empresa entreg\u00f3 5.000 entradas de cortes\u00eda.<\/strong><\/span><\/h4>\n<p><span style=\"color: #000000;\">Siempre se destaca al sector privado por asumir el riesgo empresario, pero da la sensaci\u00f3n de que tal riesgo\u00a0no existi\u00f3 a la hora de organizar el\u00a0<strong>Premier Padel<\/strong>. Seg\u00fan consta en el decreto 1.622, publicado este jueves en el Bolet\u00edn Oficial, por la edici\u00f3n del 2023 el Gobierno de Mendoza le pag\u00f3 600 mil euros a la asociaci\u00f3n que lo organiz\u00f3\u00a0y ,adem\u00e1s de ello, le cedi\u00f3 el uso del estadio cubierto Aconcagua Arena. A cambio, las empresas organizadoras le brindaron 5.000 entradas de cortes\u00eda al gobierno de\u00a0<strong>Rodolfo Suarez<\/strong>\u00a0y entregaron 10 millones de pesos de lo recaudado por la venta de tickets.<\/span><\/p>\n<p><span style=\"color: #000000;\">Un negocio redondo. La Asociaci\u00f3n de\u00a0<strong>P\u00e1del\u00a0<\/strong>Argentino cobr\u00f3 m\u00e1s de 600 millones de pesos y a eso se sum\u00f3 la recaudaci\u00f3n de los tickets. A\u00a0cambio entregaron a la provincia 10 millones de pesos y una m\u00ednima porci\u00f3n de las entradas. Y, por si fuese poco, no pagaron ning\u00fan canon por el uso del estadio cubierto. Lo \u00fanico que consta en el contrato es que la asociaci\u00f3n se hizo cargo de las mejoras que considerara necesarias para la realizaci\u00f3n del evento.<\/span><\/p>\n<p><span style=\"color: #000000;\"><img decoding=\"async\" src=\"https:\/\/www.mdzol.com\/u\/fotografias\/m\/2024\/4\/25\/f768x1-1585343_1585470_53.jpg\" \/><\/span><\/p>\n<p><span style=\"color: #000000;\">De los 600 mil euros, 150 mil fueron depositados en cuentas de AL Enterteiment SRL y los 450 mil\u00a0restantes a Premier Padel LCC. Todo enmarcado dentro de un Memor\u00e1ndum de entendimiento entre la Asociaci\u00f3n de\u00a0<strong>P\u00e1del\u00a0<\/strong>y Qatar Sports Invesments. Los detalles constan en los anexos del acuerdo firmado entre la provincia de Mendoza y Santiago Brito, presidente de la Asociaci\u00f3n Argentina de P\u00e1del.<\/span><\/p>\n<p><span style=\"color: #000000;\">Desde el gobierno de Mendoza destacan que la realizaci\u00f3n del evento internacional -que ya se hab\u00eda llevado adelante\u00a0en el a\u00f1o 2022-\u00a0<strong><em>\u00abcontribuye al posicionamiento de la provincia como destino tur\u00edstico, aumentando la oferta tur\u00edstica de la provincia y generando una gran afluencia de turistas, quienes consumen los servicios de gastronom\u00eda, hoteler\u00eda y todos aquellos servicios tur\u00edsticos que se brindan en Mendoza\u00bb.<\/em><\/strong><\/span><\/p>\n<p><span style=\"color: #000000;\">A eso agregan que el torneo sirve para difundir los atractivos tur\u00edsticos de Mendoza porque el torneo tiene difusi\u00f3n y se transmite en vivo a trav\u00e9s de medios internacionales. En ese sentido, la gesti\u00f3n de\u00a0<strong>Rodolfo Suarez\u00a0<\/strong>evalu\u00f3 que m\u00e1s que un gasto se trata de una inversi\u00f3n en promoci\u00f3n de la provincia como destino.\u00a0<\/span><\/p>\n<p><span style=\"color: #000000;\">Justamente esa fue una de las obligaciones del contrato, la de incluir el logo de la marca Gobierno de Mendoza junto al resto de los sponsors en la comunicaci\u00f3n y publicaci\u00f3n del evento.<\/span><\/p>\n<p><span style=\"color: #000000;\">Este a\u00f1o el torneo no se realizar\u00e1 en Mendoza ya que\u00a0se decidi\u00f3 mudarlo a la ciudad de Mar del Plata, donde se realizar\u00e1 el pr\u00f3ximo mes entre el 20 y el 26 de mayo.<\/span><\/p>\n<h6>MDZ<\/h6>\n","protected":false},"excerpt":{"rendered":"<p>Ese fue el cach\u00e9 que se le abon\u00f3 a la asociaci\u00f3n, a la cual adem\u00e1s se le facilit\u00f3 el estadio Aconcagua &#8230;<\/p>\n","protected":false},"author":7,"featured_media":134806,"comment_status":"open","ping_status":"open","sticky":false,"template":"","format":"standard","meta":{"footnotes":""},"categories":[1],"tags":[],"class_list":["post-134805","post","type-post","status-publish","format-standard","has-post-thumbnail","hentry","category-fmvinas"],"_links":{"self":[{"href":"https:\/\/vinasfm.com\/noticias\/wp-json\/wp\/v2\/posts\/134805","targetHints":{"allow":["GET"]}}],"collection":[{"href":"https:\/\/vinasfm.com\/noticias\/wp-json\/wp\/v2\/posts"}],"about":[{"href":"https:\/\/vinasfm.com\/noticias\/wp-json\/wp\/v2\/types\/post"}],"author":[{"embeddable":true,"href":"https:\/\/vinasfm.com\/noticias\/wp-json\/wp\/v2\/users\/7"}],"replies":[{"embeddable":true,"href":"https:\/\/vinasfm.com\/noticias\/wp-json\/wp\/v2\/comments?post=134805"}],"version-history":[{"count":1,"href":"https:\/\/vinasfm.com\/noticias\/wp-json\/wp\/v2\/posts\/134805\/revisions"}],"predecessor-version":[{"id":134807,"href":"https:\/\/vinasfm.com\/noticias\/wp-json\/wp\/v2\/posts\/134805\/revisions\/134807"}],"wp:featuredmedia":[{"embeddable":true,"href":"https:\/\/vinasfm.com\/noticias\/wp-json\/wp\/v2\/media\/134806"}],"wp:attachment":[{"href":"https:\/\/vinasfm.com\/noticias\/wp-json\/wp\/v2\/media?parent=134805"}],"wp:term":[{"taxonomy":"category","embeddable":true,"href":"https:\/\/vinasfm.com\/noticias\/wp-json\/wp\/v2\/categories?post=134805"},{"taxonomy":"post_tag","embeddable":true,"href":"https:\/\/vinasfm.com\/noticias\/wp-json\/wp\/v2\/tags?post=134805"}],"curies":[{"name":"wp","href":"https:\/\/api.w.org\/{rel}","templated":true}]}}