{"id":134771,"date":"2024-04-25T09:49:06","date_gmt":"2024-04-25T12:49:06","guid":{"rendered":"https:\/\/vinasfm.com\/noticias\/?p=134771"},"modified":"2024-04-26T10:23:26","modified_gmt":"2024-04-26T13:23:26","slug":"marcolini-se-refirio-a-la-actividad-del-senado-de-mendoza","status":"publish","type":"post","link":"https:\/\/vinasfm.com\/noticias\/marcolini-se-refirio-a-la-actividad-del-senado-de-mendoza\/","title":{"rendered":"MARCOLINI SE REFIRI\u00d3 A LA ACTIVIDAD DEL SENADO DE MENDOZA"},"content":{"rendered":"<p><span style=\"color: #000000;\"><strong>El d\u00eda martes fue una jornada muy particular en la C\u00e1mara de Senadores, ya que fueron aprobadas 7 leyes.<\/strong><\/span><\/p>\n<p><span style=\"color: #000000;\">El Senador Walther Marcolini indic\u00f3 que <strong><em>\u201cen la jornada tuvieron lugar 3 Sesiones; la Sesi\u00f3n Preparatoria para elegir autoridades para el pr\u00f3ximo Periodo Legislativo que iniciar\u00e1 el 1 de mayo, una Sesi\u00f3n de acuerdo para designar al Consejero del R\u00edo Tunuyan Superior del Departamento General de Irrigaci\u00f3n y, adem\u00e1s, se aprobaron 7 leyes\u201d.<\/em><\/strong><\/span><\/p>\n<p><span style=\"color: #000000;\">Concretamente se dio aprobaci\u00f3n al nuevo r\u00e9gimen salarial para Profesionales M\u00e9dicos, declaraci\u00f3n de emergencia del Sistema Sanitario P\u00fablico, regular las funciones de los Licenciados en Enfermer\u00eda, el proyecto de fortalecimiento a la autonom\u00eda profesional de los Farmac\u00e9uticos, fortalecer la Defensor\u00eda de Personas con Discapacidad, la Modificaci\u00f3n de la Ley de Tr\u00e1nsito y la Actualizaci\u00f3n del C\u00f3digo de Procedimiento Minero.<\/span><\/p>\n<p><span style=\"color: #000000;\"><strong><em>\u201cHemos tratado 24 de las 26 leyes del paquete de Salud, esto habla muy bien de la tarea y compromiso que tenemos quienes integramos el Senado\u201d,<\/em><\/strong> expres\u00f3 Marcolini. Una de las cinco leyes del paquete de salud que se aprobaron el d\u00eda martes fue la Modificaci\u00f3n de la Ley de Defensor\u00eda de la Persona con Discapacidad,<strong><em> \u201ceste proyecto busca reformar la Ley 8.345 (sancionada en 2011) con el objetivo de fortalecer la protecci\u00f3n de los derechos de las personas con discapacidad en la Provincia\u201d. <\/em><\/strong>La modificaci\u00f3n propone reformar el proceso de designaci\u00f3n del defensor o defensora de las personas con discapacidad, simplificando el procedimiento y otorgando al Poder Ejecutivo la facultad de realizar la designaci\u00f3n, con acuerdo del Senado, mediante votaci\u00f3n simple.<\/span><\/p>\n<p><span style=\"color: #000000;\">Otro de los proyectos que fue tratado y gener\u00f3 gran debate fue el que busca fortalecer la autonom\u00eda profesional de los Farmac\u00e9uticos en Mendoza. <strong>\u201cEste proyecto propone una serie de cambios significativos que permitir\u00e1n a los farmac\u00e9uticos desempe\u00f1ar un papel m\u00e1s activo y eficiente en la atenci\u00f3n sanitaria de la poblaci\u00f3n.<\/strong> <strong>Se plantea la modificaci\u00f3n de eliminaci\u00f3n de las restricciones impuestas al t\u00edtulo de los farmac\u00e9uticos del Estado, lo que abrir\u00e1 nuevas oportunidades de desarrollo profesional y fomentar\u00e1 la competencia en el sector\u201d.<\/strong><\/span><\/p>\n","protected":false},"excerpt":{"rendered":"<p>El d\u00eda martes fue una jornada muy particular en la C\u00e1mara de Senadores, ya que fueron aprobadas 7 leyes. El Senador &#8230;<\/p>\n","protected":false},"author":7,"featured_media":134772,"comment_status":"open","ping_status":"open","sticky":false,"template":"","format":"standard","meta":{"footnotes":""},"categories":[5,10],"tags":[],"class_list":["post-134771","post","type-post","status-publish","format-standard","has-post-thumbnail","hentry","category-actualidad","category-destacadas"],"_links":{"self":[{"href":"https:\/\/vinasfm.com\/noticias\/wp-json\/wp\/v2\/posts\/134771","targetHints":{"allow":["GET"]}}],"collection":[{"href":"https:\/\/vinasfm.com\/noticias\/wp-json\/wp\/v2\/posts"}],"about":[{"href":"https:\/\/vinasfm.com\/noticias\/wp-json\/wp\/v2\/types\/post"}],"author":[{"embeddable":true,"href":"https:\/\/vinasfm.com\/noticias\/wp-json\/wp\/v2\/users\/7"}],"replies":[{"embeddable":true,"href":"https:\/\/vinasfm.com\/noticias\/wp-json\/wp\/v2\/comments?post=134771"}],"version-history":[{"count":2,"href":"https:\/\/vinasfm.com\/noticias\/wp-json\/wp\/v2\/posts\/134771\/revisions"}],"predecessor-version":[{"id":134825,"href":"https:\/\/vinasfm.com\/noticias\/wp-json\/wp\/v2\/posts\/134771\/revisions\/134825"}],"wp:featuredmedia":[{"embeddable":true,"href":"https:\/\/vinasfm.com\/noticias\/wp-json\/wp\/v2\/media\/134772"}],"wp:attachment":[{"href":"https:\/\/vinasfm.com\/noticias\/wp-json\/wp\/v2\/media?parent=134771"}],"wp:term":[{"taxonomy":"category","embeddable":true,"href":"https:\/\/vinasfm.com\/noticias\/wp-json\/wp\/v2\/categories?post=134771"},{"taxonomy":"post_tag","embeddable":true,"href":"https:\/\/vinasfm.com\/noticias\/wp-json\/wp\/v2\/tags?post=134771"}],"curies":[{"name":"wp","href":"https:\/\/api.w.org\/{rel}","templated":true}]}}