{"id":134716,"date":"2024-04-24T08:31:02","date_gmt":"2024-04-24T11:31:02","guid":{"rendered":"https:\/\/vinasfm.com\/noticias\/?p=134716"},"modified":"2024-04-24T17:32:03","modified_gmt":"2024-04-24T20:32:03","slug":"es-ley-la-actualizacion-del-codigo-de-procedimiento-minero-para-mendoza","status":"publish","type":"post","link":"https:\/\/vinasfm.com\/noticias\/es-ley-la-actualizacion-del-codigo-de-procedimiento-minero-para-mendoza\/","title":{"rendered":"ES LEY LA ACTUALIZACI\u00d3N DEL C\u00d3DIGO DE PROCEDIMIENTO MINERO PARA MENDOZA"},"content":{"rendered":"<h4><span style=\"color: #000000;\"><strong>El objetivo es agilizar la actividad y hacerla m\u00e1s transparente. Adem\u00e1s, establece mayores controles ambientales y refuerza las funciones de Polic\u00eda Minera. Fue aprobado por 25 votos afirmativos, por lo que fue remitido al Poder Ejecutivo para su posterior promulgaci\u00f3n.\u00a0<\/strong><\/span><\/h4>\n<p><span style=\"color: #000000;\">Durante la sesi\u00f3n de hoy, el Senado convirti\u00f3 en ley el proyecto del Ejecutivo para actualizar el C\u00f3digo de Procedimiento Minero de Mendoza. Recordemos que a principios de marzo, el Gobierno present\u00f3 en la Legislatura esta propuesta, con el objetivo central de modernizar las normativas vigentes desde 1945. De esta manera se busca agilizar la actividad y hacerla m\u00e1s transparente, establecer mayores controles ambientales y reforzar las funciones de la Polic\u00eda Minera.<\/span><\/p>\n<p><span style=\"color: #000000;\">Participaron de la sesi\u00f3n, la ministra de Energ\u00eda y Ambiente Jimena Latorre y el responsable de la Direcci\u00f3n de Miner\u00eda, Jer\u00f3nimo Shantal. El intendente del departamento de Malarg\u00fce, Celso Jaque acompa\u00f1\u00f3 a los funcionarios durante el tratamiento del proyecto.<\/span><\/p>\n<p><span style=\"color: #000000;\">Luego de escuchar las voces de cada uno de los representantes de los distintos bloques parlamentarios, se puso en consideraci\u00f3n el despacho en mayor\u00eda, el que fue aprobado por 25 votos afirmativos y 12 negativos. Fue remitido al Poder Ejecutivo para su posterior promulgaci\u00f3n.<\/span><\/p>\n<p><span style=\"color: #000000;\">Entre otros, el prop\u00f3sito de esta sanci\u00f3n es incorporar criterios de sustentabilidad ambiental y desarrollo sostenible a esta actividad que hoy cuenta con herramientas que no exist\u00edan en el siglo pasado.<\/span><\/p>\n<p><span style=\"color: #000000;\">La reforma incluye la modernizaci\u00f3n de los procedimientos e involucrar activamente a las comunidades locales en la toma de decisiones relacionadas con el desarrollo de los recursos minerales, promoviendo la transparencia y la participaci\u00f3n en todo el proceso.<\/span><\/p>\n<p><span style=\"color: #000000;\">La iniciativa abarca la miner\u00eda de primera, segunda y tercera categor\u00eda (canteras) y sigue el ejemplo de los m\u00e1s altos est\u00e1ndares internacionales.<\/span><\/p>\n","protected":false},"excerpt":{"rendered":"<p>El objetivo es agilizar la actividad y hacerla m\u00e1s transparente. Adem\u00e1s, establece mayores controles ambientales y refuerza las funciones de Polic\u00eda &#8230;<\/p>\n","protected":false},"author":7,"featured_media":134717,"comment_status":"open","ping_status":"open","sticky":false,"template":"","format":"standard","meta":{"footnotes":""},"categories":[5,10],"tags":[],"class_list":["post-134716","post","type-post","status-publish","format-standard","has-post-thumbnail","hentry","category-actualidad","category-destacadas"],"_links":{"self":[{"href":"https:\/\/vinasfm.com\/noticias\/wp-json\/wp\/v2\/posts\/134716","targetHints":{"allow":["GET"]}}],"collection":[{"href":"https:\/\/vinasfm.com\/noticias\/wp-json\/wp\/v2\/posts"}],"about":[{"href":"https:\/\/vinasfm.com\/noticias\/wp-json\/wp\/v2\/types\/post"}],"author":[{"embeddable":true,"href":"https:\/\/vinasfm.com\/noticias\/wp-json\/wp\/v2\/users\/7"}],"replies":[{"embeddable":true,"href":"https:\/\/vinasfm.com\/noticias\/wp-json\/wp\/v2\/comments?post=134716"}],"version-history":[{"count":1,"href":"https:\/\/vinasfm.com\/noticias\/wp-json\/wp\/v2\/posts\/134716\/revisions"}],"predecessor-version":[{"id":134718,"href":"https:\/\/vinasfm.com\/noticias\/wp-json\/wp\/v2\/posts\/134716\/revisions\/134718"}],"wp:featuredmedia":[{"embeddable":true,"href":"https:\/\/vinasfm.com\/noticias\/wp-json\/wp\/v2\/media\/134717"}],"wp:attachment":[{"href":"https:\/\/vinasfm.com\/noticias\/wp-json\/wp\/v2\/media?parent=134716"}],"wp:term":[{"taxonomy":"category","embeddable":true,"href":"https:\/\/vinasfm.com\/noticias\/wp-json\/wp\/v2\/categories?post=134716"},{"taxonomy":"post_tag","embeddable":true,"href":"https:\/\/vinasfm.com\/noticias\/wp-json\/wp\/v2\/tags?post=134716"}],"curies":[{"name":"wp","href":"https:\/\/api.w.org\/{rel}","templated":true}]}}