{"id":134692,"date":"2024-04-23T10:17:46","date_gmt":"2024-04-23T13:17:46","guid":{"rendered":"https:\/\/vinasfm.com\/noticias\/?p=134692"},"modified":"2024-04-24T09:57:35","modified_gmt":"2024-04-24T12:57:35","slug":"paritarias-que-gremios-estatales-aceptaron-y-cuales-rechazan-la-oferta-del-gobierno-provincial","status":"publish","type":"post","link":"https:\/\/vinasfm.com\/noticias\/paritarias-que-gremios-estatales-aceptaron-y-cuales-rechazan-la-oferta-del-gobierno-provincial\/","title":{"rendered":"PARITARIAS: QU\u00c9 GREMIOS ESTATALES ACEPTARON Y CU\u00c1LES RECHAZAN LA OFERTA DEL GOBIERNO PROVINCIAL"},"content":{"rendered":"<h4><span style=\"color: #000000;\"><strong>El Ejecutivo logr\u00f3 cerrar convenios salariales con 9 de los 18 sectores de la administraci\u00f3n p\u00fablica. Sindicatos que a\u00fan no llegan a un acuerdo se concentrar\u00e1n en Casa de Gobierno.<\/strong><\/span><\/h4>\n<p><span style=\"color: #000000;\">El gobierno provincial destac\u00f3 que logr\u00f3 cerrar\u00a0<strong>acuerdos salariales con 9 de los 18 sectores de la administraci\u00f3n p\u00fablica<\/strong>. Entre ellos se destacan los convenios paritarios firmados con dos gremios de peso, como el\u00a0Sindicato Unido de Trabajadores de la Educaci\u00f3n\u00a0(<strong>SUTE<\/strong>) y la Asociaci\u00f3n de Trabajadores del Estado (<strong>ATE<\/strong>).<\/span><\/p>\n<p><span style=\"color: #000000;\">Hay que recordar que el Ejecutivo present\u00f3 dos alternativas de aumentos salariales a los diferentes sindicatos:<\/span><\/p>\n<ul>\n<li><span style=\"color: #000000;\">Aumento del 10% para los meses de abril, mayo, junio y sumas no remunerativas y no bonificables.<\/span><\/li>\n<\/ul>\n<ul>\n<li><span style=\"color: #000000;\">Incremento del 11% en abril, 11% en mayo y 11% en junio.\u00a0<\/span><\/li>\n<\/ul>\n<p><span style=\"color: #000000;\">Tres sectores aceptaron la primera propuesta:\u00a0<strong>SUTE\u00a0<\/strong>(<a style=\"color: #000000;\" href=\"https:\/\/www.elsol.com.ar\/mendoza\/cuanto-cobraran-los-docentes-mendocinos-tras-el-acuerdo-salarial-entre-el-gobierno-y-el-sute\/\" target=\"_blank\" rel=\"noreferrer noopener\">docentes<\/a>) y\u00a0<strong>ATE\u00a0<\/strong>(r\u00e9gimen 5 de Administraci\u00f3n Central y r\u00e9gimen 15 de personal de Salud).<\/span><\/p>\n<aside class=\"scaip scaip-1 \"><\/aside>\n<p><span style=\"color: #000000;\">Los seis que eligieron la segunda oferta son de\u00a0<strong>ATE\u00a0<\/strong>(r\u00e9gimen 13 de Parques, r\u00e9gimen 35 de Ambiente y Guardaparques),\u00a0<strong>SITRAVI\u00a0<\/strong>(Vialidad Provincial),\u00a0<strong>Fiscal\u00eda de Estado y APOC<\/strong>\u00a0(Contadur\u00eda\u00a0General).<\/span><\/p>\n<p><span style=\"color: #000000;\"><em>\u201cSe mantiene la cl\u00e1usula compromiso que establece que la pr\u00f3xima reuni\u00f3n paritaria se realizar\u00e1 la \u00faltima semana de junio para tratar el incremento del tercer trimestre del a\u00f1o teniendo en cuenta la situaci\u00f3n fiscal y financiera de la provincia\u201d<\/em>, explicaron fuentes oficiales.<\/span><\/p>\n<p><span style=\"color: #000000;\">Por el contrario,\u00a0<strong>otro grupo de sindicatos estatales rechazaron ambas alternativas.<\/strong>\u00a0Entre ellos figuran la\u00a0Asociaci\u00f3n Mendocina de Profesionales de la Salud\u00a0(<strong>Ampros<\/strong>), el\u00a0<strong>Sindicato de Trabajadores Judiciales<\/strong>\u00a0y\u00a0<strong>Funcionarios del Poder Judicial<\/strong>, entre otros, que se concentrar\u00e1n este martes desde las 11.30 en la explanada de la Casa de Gobierno.<\/span><\/p>\n<aside class=\"scaip scaip-2 \"><\/aside>\n<p><span style=\"color: #000000;\">Adem\u00e1s de esos tres gremios, los otros sectores que a\u00fan no acordaron con el Gobierno en paritarias son\u00a0<strong>Tesorer\u00eda, Tribunal de Cuentas, Subsecretar\u00eda de Trabajo, EPAS, Fondo para la Transformaci\u00f3n y el Crecimiento e Instituto Provincial de Juegos y Casinos.<\/strong><\/span><\/p>\n<p><span style=\"color: #000000;\"><strong><em>\u201cAmpros rechaz\u00f3 la \u00faltima propuesta en Paritarias porque los aumentos siguen sin cubrir la inflaci\u00f3n y porque contiene bonos en negro, entre otras cosas. Por eso y porque somos una construcci\u00f3n colectiva nos hemos reunidos con otros gremios y vamos a hacer una asamblea de gremios estatales\u201d<\/em><\/strong>, enfatiz\u00f3 Claudia Iturbe, secretaria general del gremio de los m\u00e9dicos.<\/span><\/p>\n","protected":false},"excerpt":{"rendered":"<p>El Ejecutivo logr\u00f3 cerrar convenios salariales con 9 de los 18 sectores de la administraci\u00f3n p\u00fablica. Sindicatos que a\u00fan no llegan &#8230;<\/p>\n","protected":false},"author":7,"featured_media":134693,"comment_status":"open","ping_status":"open","sticky":false,"template":"","format":"standard","meta":{"footnotes":""},"categories":[5,10],"tags":[],"class_list":["post-134692","post","type-post","status-publish","format-standard","has-post-thumbnail","hentry","category-actualidad","category-destacadas"],"_links":{"self":[{"href":"https:\/\/vinasfm.com\/noticias\/wp-json\/wp\/v2\/posts\/134692","targetHints":{"allow":["GET"]}}],"collection":[{"href":"https:\/\/vinasfm.com\/noticias\/wp-json\/wp\/v2\/posts"}],"about":[{"href":"https:\/\/vinasfm.com\/noticias\/wp-json\/wp\/v2\/types\/post"}],"author":[{"embeddable":true,"href":"https:\/\/vinasfm.com\/noticias\/wp-json\/wp\/v2\/users\/7"}],"replies":[{"embeddable":true,"href":"https:\/\/vinasfm.com\/noticias\/wp-json\/wp\/v2\/comments?post=134692"}],"version-history":[{"count":1,"href":"https:\/\/vinasfm.com\/noticias\/wp-json\/wp\/v2\/posts\/134692\/revisions"}],"predecessor-version":[{"id":134694,"href":"https:\/\/vinasfm.com\/noticias\/wp-json\/wp\/v2\/posts\/134692\/revisions\/134694"}],"wp:featuredmedia":[{"embeddable":true,"href":"https:\/\/vinasfm.com\/noticias\/wp-json\/wp\/v2\/media\/134693"}],"wp:attachment":[{"href":"https:\/\/vinasfm.com\/noticias\/wp-json\/wp\/v2\/media?parent=134692"}],"wp:term":[{"taxonomy":"category","embeddable":true,"href":"https:\/\/vinasfm.com\/noticias\/wp-json\/wp\/v2\/categories?post=134692"},{"taxonomy":"post_tag","embeddable":true,"href":"https:\/\/vinasfm.com\/noticias\/wp-json\/wp\/v2\/tags?post=134692"}],"curies":[{"name":"wp","href":"https:\/\/api.w.org\/{rel}","templated":true}]}}