{"id":134689,"date":"2024-04-23T10:15:37","date_gmt":"2024-04-23T13:15:37","guid":{"rendered":"https:\/\/vinasfm.com\/noticias\/?p=134689"},"modified":"2024-04-24T10:30:42","modified_gmt":"2024-04-24T13:30:42","slug":"sute-docentes-de-general-alvear-habian-rechazado-la-propuesta-paritaria-del-gobierno","status":"publish","type":"post","link":"https:\/\/vinasfm.com\/noticias\/sute-docentes-de-general-alvear-habian-rechazado-la-propuesta-paritaria-del-gobierno\/","title":{"rendered":"SUTE: DOCENTES DE GENERAL ALVEAR HAB\u00cdAN RECHAZADO LA PROPUESTA PARITARIA DEL GOBIERNO"},"content":{"rendered":"<p><strong>El mandato fue elaborado con el voto de todas las escuelas que conforman la delegaci\u00f3n alvearense del Sindicato.<\/strong><\/p>\n<p>Maria Nieto, delegada del SUTE en General Alvear, explic\u00f3 que <strong><em>\u201clos docentes del departamento votaron por aceptar o no la propuesta del Gobierno Provincial, con un peque\u00f1o margen demostraron no estar de acuerdo con lo propuesto\u201d. <\/em><\/strong>Adem\u00e1s, explic\u00f3 que <strong><em>\u201cla propuesta, que no es un piso salarial, buscaba elevar el salario de los docentes de $290.000 a $325.000, ubic\u00e1ndose muy por debajo de la mitad de la canasta b\u00e1sica\u201d.<\/em><\/strong><\/p>\n<p>Nieto sostuvo que <strong><em>\u201ceste insignificante aumento no satisface las necesidades m\u00ednimas, adem\u00e1s de deteriorar la calidad educativa. Desde el Sindicato Unido de Trabajadores del Estado<\/em><\/strong><em>\u00a0<\/em>(SUTE)<strong><em> necesitamos que se entienda que no se hace ajuste en la educaci\u00f3n, hay dinero de Naci\u00f3n que no est\u00e1 llegando a los sueldos ni a las instituciones\u201d.<\/em><\/strong><\/p>\n<p>En cuanto a la situaci\u00f3n salarial de los celadores, la docente se\u00f1al\u00f3 que <strong><em>\u201clamentablemente nos hemos acostumbrado a que ellos se encuentren en la l\u00ednea de indigencia. Se est\u00e1 intentando cubrir los sueldos con bonos en negro que en este mes son de 70%, pero en los siguientes van a ir disminuyendo; esto nos preocupa de sobremanera porque, a partir de junio, lo sueldos pueden ser mucho menores\u201d.<\/em><\/strong><\/p>\n<p>As\u00ed mismo, se refiri\u00f3 a la marcha multitudinaria convocada para la jornada del martes, en defensa de las Universidades P\u00fablicas. <strong><em>\u201cSi bien en General Alvear no tenemos alta presencia universitaria, tenemos Institutos de Formaci\u00f3n Superior y tambi\u00e9n preocupa su continuidad\u201d<\/em><\/strong>, manifest\u00f3 y sostuvo que <strong><em>\u201cel reclamo es por la educaci\u00f3n p\u00fablica, gratuita y de calidad que se siga sosteniendo\u201d.<\/em><\/strong><\/p>\n<p><strong><em>\u201cEstamos atravesando una situaci\u00f3n muy dif\u00edcil y es desgastante estar paritando todos los meses, agrademos que se pueda llegar a un acuerdo pero nunca es suficiente\u201d,<\/em><\/strong> concluy\u00f3 Marisa Nieto.<\/p>\n<h6>G. Vallejos<\/h6>\n","protected":false},"excerpt":{"rendered":"<p>El mandato fue elaborado con el voto de todas las escuelas que conforman la delegaci\u00f3n alvearense del Sindicato. Maria Nieto, delegada &#8230;<\/p>\n","protected":false},"author":7,"featured_media":134690,"comment_status":"open","ping_status":"open","sticky":false,"template":"","format":"standard","meta":{"footnotes":""},"categories":[5,200],"tags":[],"class_list":["post-134689","post","type-post","status-publish","format-standard","has-post-thumbnail","hentry","category-actualidad","category-sute"],"_links":{"self":[{"href":"https:\/\/vinasfm.com\/noticias\/wp-json\/wp\/v2\/posts\/134689","targetHints":{"allow":["GET"]}}],"collection":[{"href":"https:\/\/vinasfm.com\/noticias\/wp-json\/wp\/v2\/posts"}],"about":[{"href":"https:\/\/vinasfm.com\/noticias\/wp-json\/wp\/v2\/types\/post"}],"author":[{"embeddable":true,"href":"https:\/\/vinasfm.com\/noticias\/wp-json\/wp\/v2\/users\/7"}],"replies":[{"embeddable":true,"href":"https:\/\/vinasfm.com\/noticias\/wp-json\/wp\/v2\/comments?post=134689"}],"version-history":[{"count":3,"href":"https:\/\/vinasfm.com\/noticias\/wp-json\/wp\/v2\/posts\/134689\/revisions"}],"predecessor-version":[{"id":134739,"href":"https:\/\/vinasfm.com\/noticias\/wp-json\/wp\/v2\/posts\/134689\/revisions\/134739"}],"wp:featuredmedia":[{"embeddable":true,"href":"https:\/\/vinasfm.com\/noticias\/wp-json\/wp\/v2\/media\/134690"}],"wp:attachment":[{"href":"https:\/\/vinasfm.com\/noticias\/wp-json\/wp\/v2\/media?parent=134689"}],"wp:term":[{"taxonomy":"category","embeddable":true,"href":"https:\/\/vinasfm.com\/noticias\/wp-json\/wp\/v2\/categories?post=134689"},{"taxonomy":"post_tag","embeddable":true,"href":"https:\/\/vinasfm.com\/noticias\/wp-json\/wp\/v2\/tags?post=134689"}],"curies":[{"name":"wp","href":"https:\/\/api.w.org\/{rel}","templated":true}]}}