{"id":134686,"date":"2024-04-23T10:01:58","date_gmt":"2024-04-23T13:01:58","guid":{"rendered":"https:\/\/vinasfm.com\/noticias\/?p=134686"},"modified":"2024-04-24T10:05:57","modified_gmt":"2024-04-24T13:05:57","slug":"tragedia-en-carmensa-de-que-acusan-al-camionero","status":"publish","type":"post","link":"https:\/\/vinasfm.com\/noticias\/tragedia-en-carmensa-de-que-acusan-al-camionero\/","title":{"rendered":"TRAGEDIA EN CARMENSA: \u00bfDE QU\u00c9 ACUSAN AL CAMIONERO?"},"content":{"rendered":"<h4><span style=\"color: #000000;\">Tal como se dio a conocer la pasada semana, el camionero que protagoniz\u00f3 el siniestro vial que, el viernes pasado, le cost\u00f3 la vida a 3 hombres y ocasion\u00f3 lesiones en 17 personas m\u00e1s en Carmensa (General Alvear), fue trasladado a la penitenciar\u00eda de San Rafael.<\/span><\/h4>\n<p><span style=\"color: #000000;\">El fiscal Guillermo Farigi tom\u00f3 la decisi\u00f3n respecto de Juan Pablo Roig, el transportista que llevaba fruta por la ruta 143 y colision\u00f3 con un colectivo de la empresa La Uni\u00f3n, donde viajaban quienes resultaron muertos y heridos, respectivamente.<\/span><\/p>\n<p><span style=\"color: #000000;\">Se estima que, en los pr\u00f3ximos d\u00edas, la defensa podr\u00eda solicitar una audiencia de control jurisdiccional para pedir la libertad del imputado o bien una prisi\u00f3n domiciliaria. De no ser acogido el eventual pedido, Roig permanecer\u00e1 detenido, al menos, hasta la realizaci\u00f3n de la audiencia de prisi\u00f3n preventiva.<\/span><\/p>\n<h2><span style=\"color: #000000;\">La figura penal<\/span><\/h2>\n<p><span style=\"color: #000000;\">El art\u00edculo 84 del C\u00f3digo Penal reza: <strong>\u201cSer\u00e1 reprimido con prisi\u00f3n de uno a cinco a\u00f1os e inhabilitaci\u00f3n especial, en su caso, por cinco a diez a\u00f1os el que por imprudencia, negligencia, impericia en su arte o profesi\u00f3n o inobservancia de los reglamentos o de los deberes a su cargo causare a otro la muerte. El m\u00ednimo de la pena se elevar\u00e1 a dos a\u00f1os si fueren m\u00e1s de una las v\u00edctimas fatales\u201d.<\/strong><\/span><\/p>\n<p><span style=\"color: #000000;\">En tanto, el 84 bis determina que <strong>\u201cSer\u00e1 reprimido con prisi\u00f3n de dos a cinco a\u00f1os e inhabilitaci\u00f3n especial, en su caso, por cinco a diez a\u00f1os el que por la conducci\u00f3n imprudente, negligente o antirreglamentaria de un veh\u00edculo con motor causare a otro la muerte\u201d.<\/strong><\/span><\/p>\n<p><strong><span style=\"color: #000000;\">\u201cLa pena ser\u00e1 de prisi\u00f3n de tres a seis a\u00f1os, si se diera alguna de las circunstancias previstas en el p\u00e1rrafo anterior y el conductor se diere a la fuga o no intentase socorrer a la v\u00edctima \u2013cosa que no ocurri\u00f3- siempre y cuando no incurriere en la conducta prevista en el art\u00edculo 106, o estuviese bajo los efectos de estupefacientes o con un nivel de alcoholemia igual o superior a quinientos miligramos por litro de sangre en el caso de conductores de transporte p\u00fablico o un gramo por litro de sangre en los dem\u00e1s casos, o estuviese conduciendo en exceso de velocidad de m\u00e1s de treinta kil\u00f3metros por encima de la m\u00e1xima permitida en el lugar del hecho, o si condujese estando inhabilitado para hacerlo por autoridad competente, o violare la se\u00f1alizaci\u00f3n del sem\u00e1foro o las se\u00f1ales de tr\u00e1nsito que indican el sentido de circulaci\u00f3n vehicular o cuando se dieren las circunstancias previstas en el art\u00edculo 193 bis, o con culpa temeraria, o cuando fueren m\u00e1s de una las v\u00edctimas fatales\u201d.<\/span><\/strong><\/p>\n<h6>Diario San Rafael<\/h6>\n","protected":false},"excerpt":{"rendered":"<p>Tal como se dio a conocer la pasada semana, el camionero que protagoniz\u00f3 el siniestro vial que, el viernes pasado, le &#8230;<\/p>\n","protected":false},"author":7,"featured_media":134349,"comment_status":"open","ping_status":"open","sticky":false,"template":"","format":"standard","meta":{"footnotes":""},"categories":[5,22],"tags":[],"class_list":["post-134686","post","type-post","status-publish","format-standard","has-post-thumbnail","hentry","category-actualidad","category-justicia"],"_links":{"self":[{"href":"https:\/\/vinasfm.com\/noticias\/wp-json\/wp\/v2\/posts\/134686","targetHints":{"allow":["GET"]}}],"collection":[{"href":"https:\/\/vinasfm.com\/noticias\/wp-json\/wp\/v2\/posts"}],"about":[{"href":"https:\/\/vinasfm.com\/noticias\/wp-json\/wp\/v2\/types\/post"}],"author":[{"embeddable":true,"href":"https:\/\/vinasfm.com\/noticias\/wp-json\/wp\/v2\/users\/7"}],"replies":[{"embeddable":true,"href":"https:\/\/vinasfm.com\/noticias\/wp-json\/wp\/v2\/comments?post=134686"}],"version-history":[{"count":2,"href":"https:\/\/vinasfm.com\/noticias\/wp-json\/wp\/v2\/posts\/134686\/revisions"}],"predecessor-version":[{"id":134688,"href":"https:\/\/vinasfm.com\/noticias\/wp-json\/wp\/v2\/posts\/134686\/revisions\/134688"}],"wp:featuredmedia":[{"embeddable":true,"href":"https:\/\/vinasfm.com\/noticias\/wp-json\/wp\/v2\/media\/134349"}],"wp:attachment":[{"href":"https:\/\/vinasfm.com\/noticias\/wp-json\/wp\/v2\/media?parent=134686"}],"wp:term":[{"taxonomy":"category","embeddable":true,"href":"https:\/\/vinasfm.com\/noticias\/wp-json\/wp\/v2\/categories?post=134686"},{"taxonomy":"post_tag","embeddable":true,"href":"https:\/\/vinasfm.com\/noticias\/wp-json\/wp\/v2\/tags?post=134686"}],"curies":[{"name":"wp","href":"https:\/\/api.w.org\/{rel}","templated":true}]}}