{"id":134604,"date":"2024-04-19T12:06:01","date_gmt":"2024-04-19T15:06:01","guid":{"rendered":"https:\/\/vinasfm.com\/noticias\/?p=134604"},"modified":"2024-04-22T08:28:15","modified_gmt":"2024-04-22T11:28:15","slug":"arte-en-las-plazas-una-propuesta-de-cultura-para-disfrutar-en-familia","status":"publish","type":"post","link":"https:\/\/vinasfm.com\/noticias\/arte-en-las-plazas-una-propuesta-de-cultura-para-disfrutar-en-familia\/","title":{"rendered":"\u201cARTE EN LAS PLAZAS\u201d: UNA PROPUESTA DE CULTURA PARA DISFRUTAR EN FAMILIA"},"content":{"rendered":"<h4><span style=\"color: #000000;\"><strong>En la ciudad, la cultura y el arte se entrelazan para brindar a la comunidad propuestas enriquecedoras y accesibles. Se trata de \u201cArte en la Plazas\u201d una iniciativa que comienza este domingo en la plaza del barrio \u201cLos Ranqueles\u201d.<\/strong><\/span><\/h4>\n<p><span style=\"color: #000000;\">Pero la cultura no se limita a los muros del teatro, tambi\u00e9n se expande por las plazas de la ciudad en una iniciativa que busca acercar el arte a la comunidad. Se trata de un recorrido por distintas plazas de barrios y distritos.<\/span><\/p>\n<p><span style=\"color: #000000;\">La Directora de Cultura Mar\u00eda Delia Achetoni invit\u00f3 a los vecinos y visitantes a disfrutar de un domingo en familia rodeados de creatividad y entretenimiento. <strong>\u201cDesde libros hasta narraci\u00f3n de cuentos, pasando por espect\u00e1culos musicales y t\u00edteres, las actividades est\u00e1n dise\u00f1adas para satisfacer los gustos de grandes y chicos\u201d<\/strong>, afirm\u00f3.<\/span><\/p>\n<p><span style=\"color: #000000;\">El punto de partida de esta traves\u00eda cultural ser\u00e1 en el barrio Los Ranqueles, desde las 15 a las 18 horas.<\/span><\/p>\n<p><span style=\"color: #000000;\"><em><strong>\u201cEsperemos que traigan su mate, su reposera y sus ganas de disfrutar de una tarde diferente en compa\u00f1\u00eda de seres queridos. La plaza se transformar\u00e1 en un escenario vibrante donde la comunidad podr\u00e1 compartir risas, emociones y momentos \u00fanicos que fortalecer\u00e1n los lazos entre vecinos\u201d<\/strong><\/em>, concluy\u00f3<\/span><\/p>\n<h2><span style=\"color: #000000;\">Espect\u00e1culo en el Cine Teatro Antonio Lafalla<\/span><\/h2>\n<p><span style=\"color: #000000;\">El Teatro Antonio La Falla se prepara para recibir a un saxofonista internacional de renombre, se trata de Javier Casetti, quien estar\u00e1 el pr\u00f3ximo 21 de abril a las 20 horas en el Cine teatro Antonio Lafalla. <em><strong>\u201cCasetti tiene previsto una propuesta musical cautivadora, este talentoso artista promete deleitar a los espectadores con su virtuosismo y pasi\u00f3n por el saxof\u00f3n. La entrada, accesible para todos los amantes de la m\u00fasica, garantiza una velada inolvidable llena de melod\u00edas envolventes\u201d<\/strong><\/em>, concluy\u00f3.<\/span><\/p>\n<p><a href=\"https:\/\/vinasfm.com\/noticias\/wp-content\/uploads\/2024\/04\/254588a5-f946-48b7-bce6-8e075f7af8f3.jpg\"><img loading=\"lazy\" decoding=\"async\" class=\"alignnone wp-image-134605\" src=\"https:\/\/vinasfm.com\/noticias\/wp-content\/uploads\/2024\/04\/254588a5-f946-48b7-bce6-8e075f7af8f3-962x1024.jpg\" alt=\"\" width=\"500\" height=\"532\" srcset=\"https:\/\/vinasfm.com\/noticias\/wp-content\/uploads\/2024\/04\/254588a5-f946-48b7-bce6-8e075f7af8f3-962x1024.jpg 962w, https:\/\/vinasfm.com\/noticias\/wp-content\/uploads\/2024\/04\/254588a5-f946-48b7-bce6-8e075f7af8f3-282x300.jpg 282w, https:\/\/vinasfm.com\/noticias\/wp-content\/uploads\/2024\/04\/254588a5-f946-48b7-bce6-8e075f7af8f3-768x818.jpg 768w, https:\/\/vinasfm.com\/noticias\/wp-content\/uploads\/2024\/04\/254588a5-f946-48b7-bce6-8e075f7af8f3-1443x1536.jpg 1443w, https:\/\/vinasfm.com\/noticias\/wp-content\/uploads\/2024\/04\/254588a5-f946-48b7-bce6-8e075f7af8f3.jpg 1503w\" sizes=\"auto, (max-width: 500px) 100vw, 500px\" \/><\/a><\/p>\n","protected":false},"excerpt":{"rendered":"<p>En la ciudad, la cultura y el arte se entrelazan para brindar a la comunidad propuestas enriquecedoras y accesibles. Se trata &#8230;<\/p>\n","protected":false},"author":7,"featured_media":134607,"comment_status":"open","ping_status":"open","sticky":false,"template":"","format":"standard","meta":{"footnotes":""},"categories":[1],"tags":[],"class_list":["post-134604","post","type-post","status-publish","format-standard","has-post-thumbnail","hentry","category-fmvinas"],"_links":{"self":[{"href":"https:\/\/vinasfm.com\/noticias\/wp-json\/wp\/v2\/posts\/134604","targetHints":{"allow":["GET"]}}],"collection":[{"href":"https:\/\/vinasfm.com\/noticias\/wp-json\/wp\/v2\/posts"}],"about":[{"href":"https:\/\/vinasfm.com\/noticias\/wp-json\/wp\/v2\/types\/post"}],"author":[{"embeddable":true,"href":"https:\/\/vinasfm.com\/noticias\/wp-json\/wp\/v2\/users\/7"}],"replies":[{"embeddable":true,"href":"https:\/\/vinasfm.com\/noticias\/wp-json\/wp\/v2\/comments?post=134604"}],"version-history":[{"count":1,"href":"https:\/\/vinasfm.com\/noticias\/wp-json\/wp\/v2\/posts\/134604\/revisions"}],"predecessor-version":[{"id":134608,"href":"https:\/\/vinasfm.com\/noticias\/wp-json\/wp\/v2\/posts\/134604\/revisions\/134608"}],"wp:featuredmedia":[{"embeddable":true,"href":"https:\/\/vinasfm.com\/noticias\/wp-json\/wp\/v2\/media\/134607"}],"wp:attachment":[{"href":"https:\/\/vinasfm.com\/noticias\/wp-json\/wp\/v2\/media?parent=134604"}],"wp:term":[{"taxonomy":"category","embeddable":true,"href":"https:\/\/vinasfm.com\/noticias\/wp-json\/wp\/v2\/categories?post=134604"},{"taxonomy":"post_tag","embeddable":true,"href":"https:\/\/vinasfm.com\/noticias\/wp-json\/wp\/v2\/tags?post=134604"}],"curies":[{"name":"wp","href":"https:\/\/api.w.org\/{rel}","templated":true}]}}