{"id":134600,"date":"2024-04-19T11:00:22","date_gmt":"2024-04-19T14:00:22","guid":{"rendered":"https:\/\/vinasfm.com\/noticias\/?p=134600"},"modified":"2024-04-22T08:28:41","modified_gmt":"2024-04-22T11:28:41","slug":"la-comuna-brinda-cursos-de-manipulacion-de-alimentos","status":"publish","type":"post","link":"https:\/\/vinasfm.com\/noticias\/la-comuna-brinda-cursos-de-manipulacion-de-alimentos\/","title":{"rendered":"LA COMUNA BRINDA CURSOS DE MANIPULACI\u00d3N DE ALIMENTOS"},"content":{"rendered":"<p><span style=\"color: #000000;\"><strong>Desde hace algunos a\u00f1os, el certificado es obligatorio para aquellos que se dedican a la elaboraci\u00f3n y venta de alimentos<\/strong><\/span><\/p>\n<p><span style=\"color: #000000;\">Los cursos de manipulaci\u00f3n de alimentos se dictan todos los martes y tiene un canon de $2.000. La directora de Inspecci\u00f3n del Municipio, Mabel Uccelli, se\u00f1al\u00f3 que <strong><i>\u00abest\u00e1 dedicado a aquellas personas que se dedican a la elaboraci\u00f3n y comercializaci\u00f3n de productos alimenticios\u00bb.<\/i><\/strong> Es importante destacar que<strong><i> \u00abel certificado emitido tiene una validez de 3 a\u00f1os\u00bb.\u00a0<\/i><\/strong><\/span><\/p>\n<p><span style=\"color: #000000;\">Uccelli tambi\u00e9n invit\u00f3 a capacitarse a <strong><i>\u00abalumnos de 5\u00b0 y 6\u00b0 a\u00f1o de las escuelas secundarias ya que, como ser\u00e1n parte de la 43\u00b0 Fiesta Nacional de la Ganader\u00eda, estar\u00e1n vendiendo productos en distintos puestos\u00bb.<\/i><\/strong> Para ello, las instituciones educativas deber\u00e1n presentar una nota se\u00f1alando a los alumnos y adultos responsables que estar\u00e1n presentes en los puestos, adem\u00e1s de una capacitaci\u00f3n espec\u00edfica se les entregar\u00e1 el certificado de forma gratuita.\u00a0<\/span><\/p>\n<p><span style=\"color: #000000;\">La certificaci\u00f3n es obligatoria tanto para comerciantes como para celadores de las escuelas, por lo tanto se convoca a todos los afectados que trabajen en contacto con alimentos a inscribirse en la Oficina de Bromatolog\u00eda del Municipio.\u00a0<\/span><\/p>\n<p>&nbsp;<\/p>\n","protected":false},"excerpt":{"rendered":"<p>Desde hace algunos a\u00f1os, el certificado es obligatorio para aquellos que se dedican a la elaboraci\u00f3n y venta de alimentos Los &#8230;<\/p>\n","protected":false},"author":7,"featured_media":134601,"comment_status":"open","ping_status":"open","sticky":false,"template":"","format":"standard","meta":{"footnotes":""},"categories":[5,11],"tags":[],"class_list":["post-134600","post","type-post","status-publish","format-standard","has-post-thumbnail","hentry","category-actualidad","category-sociales"],"_links":{"self":[{"href":"https:\/\/vinasfm.com\/noticias\/wp-json\/wp\/v2\/posts\/134600","targetHints":{"allow":["GET"]}}],"collection":[{"href":"https:\/\/vinasfm.com\/noticias\/wp-json\/wp\/v2\/posts"}],"about":[{"href":"https:\/\/vinasfm.com\/noticias\/wp-json\/wp\/v2\/types\/post"}],"author":[{"embeddable":true,"href":"https:\/\/vinasfm.com\/noticias\/wp-json\/wp\/v2\/users\/7"}],"replies":[{"embeddable":true,"href":"https:\/\/vinasfm.com\/noticias\/wp-json\/wp\/v2\/comments?post=134600"}],"version-history":[{"count":1,"href":"https:\/\/vinasfm.com\/noticias\/wp-json\/wp\/v2\/posts\/134600\/revisions"}],"predecessor-version":[{"id":134602,"href":"https:\/\/vinasfm.com\/noticias\/wp-json\/wp\/v2\/posts\/134600\/revisions\/134602"}],"wp:featuredmedia":[{"embeddable":true,"href":"https:\/\/vinasfm.com\/noticias\/wp-json\/wp\/v2\/media\/134601"}],"wp:attachment":[{"href":"https:\/\/vinasfm.com\/noticias\/wp-json\/wp\/v2\/media?parent=134600"}],"wp:term":[{"taxonomy":"category","embeddable":true,"href":"https:\/\/vinasfm.com\/noticias\/wp-json\/wp\/v2\/categories?post=134600"},{"taxonomy":"post_tag","embeddable":true,"href":"https:\/\/vinasfm.com\/noticias\/wp-json\/wp\/v2\/tags?post=134600"}],"curies":[{"name":"wp","href":"https:\/\/api.w.org\/{rel}","templated":true}]}}