{"id":134597,"date":"2024-04-19T10:43:53","date_gmt":"2024-04-19T13:43:53","guid":{"rendered":"https:\/\/vinasfm.com\/noticias\/?p=134597"},"modified":"2024-04-19T10:43:53","modified_gmt":"2024-04-19T13:43:53","slug":"san-rafael-continua-aprehendido-el-conductor-que-atropello-a-nicole-aguero","status":"publish","type":"post","link":"https:\/\/vinasfm.com\/noticias\/san-rafael-continua-aprehendido-el-conductor-que-atropello-a-nicole-aguero\/","title":{"rendered":"SAN RAFAEL: CONTIN\u00daA APREHENDIDO EL CONDUCTOR QUE ATROPELL\u00d3 A NICOLE AG\u00dcERO"},"content":{"rendered":"<h4><span style=\"color: #000000;\"><strong>El conductor de la camioneta que ayer protagoniz\u00f3 el siniestro vial que le cost\u00f3 la vida a la ni\u00f1a Nicol Ag\u00fcero (11), frente a la escuela Domingo Hermida, de La Pichana, permanece aprehendido en sede policial.<\/strong><\/span><\/h4>\n<p><span style=\"color: #000000;\">El hombre, de 27 a\u00f1os, est\u00e1 a disposici\u00f3n de la fiscal especializada en siniestros viales Florencia De Diego, que en un plazo m\u00e1ximo de 48 horas debe determinar la situaci\u00f3n procesal del acusado. La causa est\u00e1 caratulada como <em><strong>\u201chomicidio culposo\u201d<\/strong><\/em><\/span><\/p>\n<h2><span style=\"color: #000000;\">EL ACCIDENTE<\/span><\/h2>\n<p><span style=\"color: #000000;\">El d\u00eda mi\u00e9rcoles, cerca de las 7.20, un grupo de alumnos de la escuela Hermida se bajaba del colectivo que lo trasladaba desde la zona de Goudge. Al intentar cruzar la ruta 160 para ingresar al local escolar, tres ni\u00f1os fueron colisionados por una camioneta Ford F-100 que viajaba en sentido contrario, por lo que sufrieron lesiones de consideraci\u00f3n. De hecho, Nicol Ag\u00fcero perdi\u00f3 la vida en el lugar. En tanto, los otros dos ni\u00f1os afectados \u2013hermanos entre s\u00ed- debieron ser trasladados al hospital Schestakow para su atenci\u00f3n. En el efector p\u00fablico le diagnosticaron politraumatismos y, de acuerdo al parte oficial, los dos chiquitos fueron dados de alta hoy al mediod\u00eda<\/span><br \/>\n<span style=\"color: #000000;\">El hecho provoc\u00f3 una honda consternaci\u00f3n en la comunidad de Ca\u00f1ada Seca y de todo San Rafael.<\/span><\/p>\n","protected":false},"excerpt":{"rendered":"<p>El conductor de la camioneta que ayer protagoniz\u00f3 el siniestro vial que le cost\u00f3 la vida a la ni\u00f1a Nicol Ag\u00fcero &#8230;<\/p>\n","protected":false},"author":7,"featured_media":134598,"comment_status":"open","ping_status":"open","sticky":false,"template":"","format":"standard","meta":{"footnotes":""},"categories":[1],"tags":[],"class_list":["post-134597","post","type-post","status-publish","format-standard","has-post-thumbnail","hentry","category-fmvinas"],"_links":{"self":[{"href":"https:\/\/vinasfm.com\/noticias\/wp-json\/wp\/v2\/posts\/134597","targetHints":{"allow":["GET"]}}],"collection":[{"href":"https:\/\/vinasfm.com\/noticias\/wp-json\/wp\/v2\/posts"}],"about":[{"href":"https:\/\/vinasfm.com\/noticias\/wp-json\/wp\/v2\/types\/post"}],"author":[{"embeddable":true,"href":"https:\/\/vinasfm.com\/noticias\/wp-json\/wp\/v2\/users\/7"}],"replies":[{"embeddable":true,"href":"https:\/\/vinasfm.com\/noticias\/wp-json\/wp\/v2\/comments?post=134597"}],"version-history":[{"count":1,"href":"https:\/\/vinasfm.com\/noticias\/wp-json\/wp\/v2\/posts\/134597\/revisions"}],"predecessor-version":[{"id":134599,"href":"https:\/\/vinasfm.com\/noticias\/wp-json\/wp\/v2\/posts\/134597\/revisions\/134599"}],"wp:featuredmedia":[{"embeddable":true,"href":"https:\/\/vinasfm.com\/noticias\/wp-json\/wp\/v2\/media\/134598"}],"wp:attachment":[{"href":"https:\/\/vinasfm.com\/noticias\/wp-json\/wp\/v2\/media?parent=134597"}],"wp:term":[{"taxonomy":"category","embeddable":true,"href":"https:\/\/vinasfm.com\/noticias\/wp-json\/wp\/v2\/categories?post=134597"},{"taxonomy":"post_tag","embeddable":true,"href":"https:\/\/vinasfm.com\/noticias\/wp-json\/wp\/v2\/tags?post=134597"}],"curies":[{"name":"wp","href":"https:\/\/api.w.org\/{rel}","templated":true}]}}