{"id":134594,"date":"2024-04-19T09:50:01","date_gmt":"2024-04-19T12:50:01","guid":{"rendered":"https:\/\/vinasfm.com\/noticias\/?p=134594"},"modified":"2024-04-19T09:50:01","modified_gmt":"2024-04-19T12:50:01","slug":"pronostico-del-tiempo-en-mendoza-el-viento-zonda-en-altura-anticipa-el-ingreso-de-un-frente-frio-el-domingo","status":"publish","type":"post","link":"https:\/\/vinasfm.com\/noticias\/pronostico-del-tiempo-en-mendoza-el-viento-zonda-en-altura-anticipa-el-ingreso-de-un-frente-frio-el-domingo\/","title":{"rendered":"PRON\u00d3STICO DEL TIEMPO EN MENDOZA: EL VIENTO ZONDA EN ALTURA ANTICIPA EL INGRESO DE UN FRENTE FR\u00cdO EL DOMINGO"},"content":{"rendered":"<p><span style=\"color: #000000;\"><strong>El viento Zonda en altura comenz\u00f3 el jueves y se mantendr\u00e1 hasta el s\u00e1bado. Luego ser\u00e1 desplazado por un frente fr\u00edo, seg\u00fan el pron\u00f3stico del tiempo en Mendoza<\/strong><\/span><\/p>\n<p><span style=\"color: #000000;\">Las m\u00e1ximas elevadas de los \u00faltimos d\u00edas estar\u00e1n ahora acompa\u00f1adas por\u00a0viento Zonda en altura\u00a0en el \u00e1rea metropolitana de la provincia. En Malarg\u00fce el viento del Oeste comenz\u00f3 a soplar a primera hora. El\u00a0pron\u00f3stico del tiempo en Mendoza\u00a0indic\u00f3 que en la noche del s\u00e1bado y madrugada del\u00a0domingo ingresar\u00e1 un frente fr\u00edo.<\/span><\/p>\n<p><span style=\"color: #000000;\">Federico Norte, doctor en meteorolog\u00eda, indic\u00f3 que la presencia del viento\u00a0Zonda en altura\u00a0comenz\u00f3 a notarse en tarde del jueves y se mantendr\u00e1 durante este\u00a0viernes. Adem\u00e1s, desde las 6 de este\u00a0viernes\u00a0se registraron r\u00e1fagas de viento Zonda en Malarg\u00fce, y\u00a0se\u00f1al\u00f3 que esta situaci\u00f3n se va a agudizar con el correr de las horas y\u00a0llegar\u00eda a algunos sectores de San Rafael.<\/span><\/p>\n<p><span style=\"color: #000000;\">Mientras tanto, en el Gran Mendoza, el\u00a0<strong>s\u00e1bado\u00a0<\/strong>contin\u00faa el Zonda.<\/span><\/p>\n","protected":false},"excerpt":{"rendered":"<p>El viento Zonda en altura comenz\u00f3 el jueves y se mantendr\u00e1 hasta el s\u00e1bado. Luego ser\u00e1 desplazado por un frente fr\u00edo, &#8230;<\/p>\n","protected":false},"author":7,"featured_media":129526,"comment_status":"open","ping_status":"open","sticky":false,"template":"","format":"standard","meta":{"footnotes":""},"categories":[1],"tags":[],"class_list":["post-134594","post","type-post","status-publish","format-standard","has-post-thumbnail","hentry","category-fmvinas"],"_links":{"self":[{"href":"https:\/\/vinasfm.com\/noticias\/wp-json\/wp\/v2\/posts\/134594","targetHints":{"allow":["GET"]}}],"collection":[{"href":"https:\/\/vinasfm.com\/noticias\/wp-json\/wp\/v2\/posts"}],"about":[{"href":"https:\/\/vinasfm.com\/noticias\/wp-json\/wp\/v2\/types\/post"}],"author":[{"embeddable":true,"href":"https:\/\/vinasfm.com\/noticias\/wp-json\/wp\/v2\/users\/7"}],"replies":[{"embeddable":true,"href":"https:\/\/vinasfm.com\/noticias\/wp-json\/wp\/v2\/comments?post=134594"}],"version-history":[{"count":1,"href":"https:\/\/vinasfm.com\/noticias\/wp-json\/wp\/v2\/posts\/134594\/revisions"}],"predecessor-version":[{"id":134595,"href":"https:\/\/vinasfm.com\/noticias\/wp-json\/wp\/v2\/posts\/134594\/revisions\/134595"}],"wp:featuredmedia":[{"embeddable":true,"href":"https:\/\/vinasfm.com\/noticias\/wp-json\/wp\/v2\/media\/129526"}],"wp:attachment":[{"href":"https:\/\/vinasfm.com\/noticias\/wp-json\/wp\/v2\/media?parent=134594"}],"wp:term":[{"taxonomy":"category","embeddable":true,"href":"https:\/\/vinasfm.com\/noticias\/wp-json\/wp\/v2\/categories?post=134594"},{"taxonomy":"post_tag","embeddable":true,"href":"https:\/\/vinasfm.com\/noticias\/wp-json\/wp\/v2\/tags?post=134594"}],"curies":[{"name":"wp","href":"https:\/\/api.w.org\/{rel}","templated":true}]}}