{"id":134588,"date":"2024-04-19T08:46:03","date_gmt":"2024-04-19T11:46:03","guid":{"rendered":"https:\/\/vinasfm.com\/noticias\/?p=134588"},"modified":"2024-04-22T08:29:18","modified_gmt":"2024-04-22T11:29:18","slug":"faa-filial-general-alvear-repudia-de-manera-contundente-los-dichos-de-la-vicegobernadora-hebe-casado","status":"publish","type":"post","link":"https:\/\/vinasfm.com\/noticias\/faa-filial-general-alvear-repudia-de-manera-contundente-los-dichos-de-la-vicegobernadora-hebe-casado\/","title":{"rendered":"LA FEDERACI\u00d3N AGRARIA FILIAL GENERAL ALVEAR REPUDI\u00d3 DE MANERA CONTUNDENTE LOS DICHOS DE LA  VICEGOBERNADORA HEBE CASADO"},"content":{"rendered":"<h4><strong>Contin\u00faan las reacciones por la desafortunada frase de la Vicegobernadora de Mendoza. Figuras pol\u00edticas de la provincia y diferentes entidades repudiaron p\u00fablicamente sus dichos. <\/strong><\/h4>\n<p><span style=\"color: #000000;\">En la jornada del jueves, la Filial General Alvear de Federaci\u00f3n Agraria Argentina repudi\u00f3 las declaraciones de la vicegobernadora Hebe Casado. <strong><em>\u201cLa 7722 no fue un invento \u2018est\u00fapido\u2019 de los mendocinos. Todo lo<\/em> contrario; fue el resultado de la lucha y la defensa de un ambiente sano y del agua pura para producir alimentos y continuar con este modo de vida para nuestros hijos y nietos\u201d<\/strong>, se\u00f1alaron los federados.<\/span><\/p>\n<p><span style=\"color: #000000;\">Y a\u00f1adieron: <em><strong>\u201cEsta ley 7722 ha sido atacada innumerables veces, siempre por quienes defienden intereses contra los mendocinos. Y en todas esas ocasiones la hemos defendido y la seguiremos defendiendo, porque queremos una Mendoza pr\u00f3spera, que permita el desarrollo de las distintas actividades econ\u00f3micas, incluso la miner\u00eda; pero todas y cada una debe llevarse adelante cuidando y protegiendo el ambiente y el agua y que se respete de manera irrestricta a la ley 7722\u201d.<\/strong><\/em><\/span><\/p>\n<p><span style=\"color: #000000;\">Finalmente, desde la Filial de FAA destacaron que les preocupa fuertemente que la vicegobernadora desconozca esta lucha que ha marcado a fuego a los mendocinos, y expresaron su alarma ante las decisiones que pueda tomar, desde ese lugar contrario al inter\u00e9s general.<\/span><\/p>\n","protected":false},"excerpt":{"rendered":"<p>Contin\u00faan las reacciones por la desafortunada frase de la Vicegobernadora de Mendoza. Figuras pol\u00edticas de la provincia y diferentes entidades repudiaron &#8230;<\/p>\n","protected":false},"author":7,"featured_media":134592,"comment_status":"open","ping_status":"open","sticky":false,"template":"","format":"standard","meta":{"footnotes":""},"categories":[5,42],"tags":[],"class_list":["post-134588","post","type-post","status-publish","format-standard","has-post-thumbnail","hentry","category-actualidad","category-opinion"],"_links":{"self":[{"href":"https:\/\/vinasfm.com\/noticias\/wp-json\/wp\/v2\/posts\/134588","targetHints":{"allow":["GET"]}}],"collection":[{"href":"https:\/\/vinasfm.com\/noticias\/wp-json\/wp\/v2\/posts"}],"about":[{"href":"https:\/\/vinasfm.com\/noticias\/wp-json\/wp\/v2\/types\/post"}],"author":[{"embeddable":true,"href":"https:\/\/vinasfm.com\/noticias\/wp-json\/wp\/v2\/users\/7"}],"replies":[{"embeddable":true,"href":"https:\/\/vinasfm.com\/noticias\/wp-json\/wp\/v2\/comments?post=134588"}],"version-history":[{"count":2,"href":"https:\/\/vinasfm.com\/noticias\/wp-json\/wp\/v2\/posts\/134588\/revisions"}],"predecessor-version":[{"id":134591,"href":"https:\/\/vinasfm.com\/noticias\/wp-json\/wp\/v2\/posts\/134588\/revisions\/134591"}],"wp:featuredmedia":[{"embeddable":true,"href":"https:\/\/vinasfm.com\/noticias\/wp-json\/wp\/v2\/media\/134592"}],"wp:attachment":[{"href":"https:\/\/vinasfm.com\/noticias\/wp-json\/wp\/v2\/media?parent=134588"}],"wp:term":[{"taxonomy":"category","embeddable":true,"href":"https:\/\/vinasfm.com\/noticias\/wp-json\/wp\/v2\/categories?post=134588"},{"taxonomy":"post_tag","embeddable":true,"href":"https:\/\/vinasfm.com\/noticias\/wp-json\/wp\/v2\/tags?post=134588"}],"curies":[{"name":"wp","href":"https:\/\/api.w.org\/{rel}","templated":true}]}}