{"id":134556,"date":"2024-04-18T11:26:53","date_gmt":"2024-04-18T14:26:53","guid":{"rendered":"https:\/\/vinasfm.com\/noticias\/?p=134556"},"modified":"2024-04-19T08:32:11","modified_gmt":"2024-04-19T11:32:11","slug":"la-camara-de-comercio-se-pronuncio-en-contra-de-los-dichos-de-casado","status":"publish","type":"post","link":"https:\/\/vinasfm.com\/noticias\/la-camara-de-comercio-se-pronuncio-en-contra-de-los-dichos-de-casado\/","title":{"rendered":"LA C\u00c1MARA DE COMERCIO SE PRONUNCI\u00d3 EN CONTRA DE LOS DICHOS DE CASADO"},"content":{"rendered":"<h4><span style=\"color: #000000;\"><strong>En comunicado difundido en las \u00faltimas horas, desde la C\u00e1mara de Comercio de General Alvear rechazaron las declaraciones de la vicegobernadora Hebe Casado.<\/strong><\/span><\/h4>\n<h2><span style=\"color: #000000;\">RECHAZO A LAS DECLARACIONES DE LA VICEGOBERNADORA HEBE CASADO<\/span><\/h2>\n<p><em><span style=\"color: #000000;\">La C\u00e1mara de Comercio de General Alvear rechaza en todos sus t\u00e9rminos las declaraciones vertidas por la vicegobernadora Hebe Casado, calificando la Ley 7722 de \u201cInvento est\u00fapido de los Mendocinos. Un error\u201d.<\/span><\/em><\/p>\n<p><em><span style=\"color: #000000;\">Estamos convencidos que la norma, sancionada por el Poder Legislativo del cual forma parte como presidente del Senado, es una ley de avanzada que preserva el medio ambiente y que gener\u00f3 un marco legal en el cual se puede desarrollar la actividad de manera responsable.<\/span><\/em><\/p>\n<p><em><span style=\"color: #000000;\">Adem\u00e1s, como la misma Vicegobernadora declar\u00f3, en la actualidad, gracias a los avances tecnol\u00f3gicos, es posible hacer miner\u00eda dentro de lo establecido por la Ley 7722.<\/span><\/em><\/p>\n<p><em><span style=\"color: #000000;\">Es crucial que nuestros gobernantes recuerden el valor de la racionalidad y el respeto, antes de emitir una declaraci\u00f3n<\/span>.<\/em><\/p>\n","protected":false},"excerpt":{"rendered":"<p>En comunicado difundido en las \u00faltimas horas, desde la C\u00e1mara de Comercio de General Alvear rechazaron las declaraciones de la vicegobernadora &#8230;<\/p>\n","protected":false},"author":7,"featured_media":44262,"comment_status":"open","ping_status":"open","sticky":false,"template":"","format":"standard","meta":{"footnotes":""},"categories":[1],"tags":[],"class_list":["post-134556","post","type-post","status-publish","format-standard","has-post-thumbnail","hentry","category-fmvinas"],"_links":{"self":[{"href":"https:\/\/vinasfm.com\/noticias\/wp-json\/wp\/v2\/posts\/134556","targetHints":{"allow":["GET"]}}],"collection":[{"href":"https:\/\/vinasfm.com\/noticias\/wp-json\/wp\/v2\/posts"}],"about":[{"href":"https:\/\/vinasfm.com\/noticias\/wp-json\/wp\/v2\/types\/post"}],"author":[{"embeddable":true,"href":"https:\/\/vinasfm.com\/noticias\/wp-json\/wp\/v2\/users\/7"}],"replies":[{"embeddable":true,"href":"https:\/\/vinasfm.com\/noticias\/wp-json\/wp\/v2\/comments?post=134556"}],"version-history":[{"count":3,"href":"https:\/\/vinasfm.com\/noticias\/wp-json\/wp\/v2\/posts\/134556\/revisions"}],"predecessor-version":[{"id":134580,"href":"https:\/\/vinasfm.com\/noticias\/wp-json\/wp\/v2\/posts\/134556\/revisions\/134580"}],"wp:featuredmedia":[{"embeddable":true,"href":"https:\/\/vinasfm.com\/noticias\/wp-json\/wp\/v2\/media\/44262"}],"wp:attachment":[{"href":"https:\/\/vinasfm.com\/noticias\/wp-json\/wp\/v2\/media?parent=134556"}],"wp:term":[{"taxonomy":"category","embeddable":true,"href":"https:\/\/vinasfm.com\/noticias\/wp-json\/wp\/v2\/categories?post=134556"},{"taxonomy":"post_tag","embeddable":true,"href":"https:\/\/vinasfm.com\/noticias\/wp-json\/wp\/v2\/tags?post=134556"}],"curies":[{"name":"wp","href":"https:\/\/api.w.org\/{rel}","templated":true}]}}