{"id":134542,"date":"2024-04-18T09:47:14","date_gmt":"2024-04-18T12:47:14","guid":{"rendered":"https:\/\/vinasfm.com\/noticias\/?p=134542"},"modified":"2024-04-19T10:17:04","modified_gmt":"2024-04-19T13:17:04","slug":"diputados-convirtieron-en-ley-el-programa-de-residencias-medicas","status":"publish","type":"post","link":"https:\/\/vinasfm.com\/noticias\/diputados-convirtieron-en-ley-el-programa-de-residencias-medicas\/","title":{"rendered":"DIPUTADOS CONVIRTIERON EN LEY EL PROGRAMA DE RESIDENCIAS M\u00c9DICAS"},"content":{"rendered":"<h4><span style=\"color: #000000;\"><strong>El sistema acorta el tiempo de formaci\u00f3n y otorga becas de incentivo econ\u00f3mico a quienes eligen especialidades cr\u00edticas.<\/strong><\/span><\/h4>\n<p><span style=\"color: #000000;\">La C\u00e1mara de Diputados, por mayor\u00eda de votos, otorg\u00f3 sanci\u00f3n final al proyecto de Ley enviado por el Poder Ejecutivo, por el cual se establece el sistema de Residencias Formativas. Los objetivos de la norma, que forma parte del Plan Provincial de Salud, son <em><strong>\u201cmejorar la formaci\u00f3n de profesionales, incentivar las residencias que m\u00e1s necesita el sistema, cuidar a los profesionales que est\u00e1n en su proceso de formaci\u00f3n y uniformar las caracter\u00edsticas de las residencias p\u00fablicas con las privadas\u201d.<\/strong><\/em><\/span><\/p>\n<p><span style=\"color: #000000;\">En esa l\u00ednea se busca <em><strong>\u201cacortar la formaci\u00f3n, manteniendo el mismo nivel de calidad, se posibilita el pago adicional a aquellas residencias que formen profesionales considerados cr\u00edticos y se unifican las condiciones con los privados\u201d.<\/strong><\/em><\/span><\/p>\n<p><span style=\"color: #000000;\">De acuerdo a la fundamentaci\u00f3n, la Ley provincial 7.857 trajo consigo la organizaci\u00f3n sist\u00e9mica de las residencias formativas para profesionales de la salud, que hasta el 2008 se encontraba regulada en forma dispersa. Esto permiti\u00f3 la creaci\u00f3n del Sistema que persiste hasta la actualidad, que si bien tiene <em><strong>\u201cvaliosos instrumentos que han cumplido su objetivo\u201d<\/strong> <\/em>necesita ser adaptado a las nuevas exigencias y <em><strong>\u201csu articulaci\u00f3n con un mundo globalizado\u201d.<\/strong><\/em><\/span><\/p>\n<p><span style=\"color: #000000;\">Se trata, en definitiva, de <em><strong>\u201calinear la formaci\u00f3n de postgrado que suponen las residencias con las necesidades profesionales actuales y las demandas del Sistema de Salud de la Provincia de Mendoza\u201d, <\/strong><\/em>que<em><strong> \u201cimplica lograr un impacto directo en la salud de la poblaci\u00f3n, que es en definitiva nuestra mayor ocupaci\u00f3n\u201d.<\/strong><\/em><\/span><\/p>\n<h2><span style=\"color: #000000;\">Los puntos principales de la nueva Ley de Residencias<\/span><\/h2>\n<p><span style=\"color: #000000;\"><strong>Esta nueva Ley de Residencias<\/strong> cuenta con cinco aspectos importantes<\/span><\/p>\n<ul>\n<li><span style=\"color: #000000;\">Busca acortar la especializaci\u00f3n, sin disminuir la calidad de la formaci\u00f3n<\/span><\/li>\n<li><span style=\"color: #000000;\">Pago adicional de residencias en especialidades \u00abcr\u00edticas\u00bb<\/span><\/li>\n<li><span style=\"color: #000000;\">Unificaci\u00f3n de las condiciones de trabajo en el sistema de salud de gesti\u00f3n p\u00fablica y privada.<\/span><\/li>\n<li><span style=\"color: #000000;\">Reforzar con premios o incetivos econ\u00f3micos a quienes se formen en pediatr\u00eda, medicina de familia y cl\u00ednica general.<\/span><\/li>\n<li><span style=\"color: #000000;\">Residencias aprobadas por competencias y no por a\u00f1os. Es decir que cuando el profesional adquiere los saberes y pr\u00e1cticas necesarias para trabajar, ya puede hacerlo, independientemente de los a\u00f1os de formaci\u00f3n.<\/span><\/li>\n<\/ul>\n<h2><span style=\"color: #000000;\"><strong>Residencias de Primer y Segundo nivel<\/strong><\/span><\/h2>\n<p><span style=\"color: #000000;\">Las Residencias de primer nivel ser\u00e1n aquellas a las que se accede con el t\u00edtulo universitario, sin que se requiera formaci\u00f3n previa de postgrado, tendr\u00e1n un Ciclo <strong>\u201cFormativo- Prestacional\u201d<\/strong>, o bien un Ciclo <strong>\u201cFormativo- Prestacional\u201d<\/strong> m\u00e1s un Ciclo <strong>\u201cComunitario\u201d<\/strong> y su duraci\u00f3n estar\u00e1 determinada por el Programa de Formaci\u00f3n que resulte aplicable, con una duraci\u00f3n m\u00e1xima de 5 a\u00f1os.<\/span><\/p>\n<p><span style=\"color: #000000;\">En tanto, las de segundo nivel, son las que requieren para ingresar la Certificaci\u00f3n de haber completado una Residencia de Primer Nivel, oficial o reconocida oficialmente, o tener una especialidad certificada por el Consejo Deontol\u00f3gico de la Provincia, y contar\u00e1 \u00fanicamente con el Ciclo <strong>\u201cFormativo- Prestacional\u201d.<\/strong><\/span><\/p>\n<p><span style=\"color: #000000;\">Asimismo, contempla la modalidad de las Residencias, que podr\u00e1n ser articuladas o integradas; los requisitos para postularse a concurso de ingreso al Sistema de Residencias, y las condiciones de apertura de residencias \u2013 para lo cual se ponderar\u00e1 la razonabilidad, conveniencia u oportunidad -.<\/span><\/p>\n<p><span style=\"color: #000000;\">De la misma manera, dispone que los Servicios que posean Residencias en desarrollo deber\u00e1n ser acreditados y luego re acreditados como m\u00e1ximo cada 5 a\u00f1os, para poder seguir manteniendo su condici\u00f3n de Sede de Residencia.<\/span><\/p>\n<p><span style=\"color: #000000;\">Para favorecer el desarrollo de determinadas Residencias o el asentamiento de los futuros egresados, el Establecimiento o el Municipio donde \u00e9ste se localiza, podr\u00e1 otorgar alojamiento permanente y comida, a los Residentes y Jefes de Residentes cuyo domicilio real se ubique a gran distancia de dicho establecimiento, conforme a los par\u00e1metros que establezca la reglamentaci\u00f3n.<\/span><\/p>\n<p><span style=\"color: #000000;\">La normativa incluye tambi\u00e9n una clasificaci\u00f3n de los Niveles Jer\u00e1rquicos, las funciones, deberes, obligaciones y derechos de los residentes, entre otros aspectos.<\/span><\/p>\n","protected":false},"excerpt":{"rendered":"<p>El sistema acorta el tiempo de formaci\u00f3n y otorga becas de incentivo econ\u00f3mico a quienes eligen especialidades cr\u00edticas. La C\u00e1mara de &#8230;<\/p>\n","protected":false},"author":7,"featured_media":134543,"comment_status":"open","ping_status":"open","sticky":false,"template":"","format":"standard","meta":{"footnotes":""},"categories":[5,15],"tags":[],"class_list":["post-134542","post","type-post","status-publish","format-standard","has-post-thumbnail","hentry","category-actualidad","category-salud"],"_links":{"self":[{"href":"https:\/\/vinasfm.com\/noticias\/wp-json\/wp\/v2\/posts\/134542","targetHints":{"allow":["GET"]}}],"collection":[{"href":"https:\/\/vinasfm.com\/noticias\/wp-json\/wp\/v2\/posts"}],"about":[{"href":"https:\/\/vinasfm.com\/noticias\/wp-json\/wp\/v2\/types\/post"}],"author":[{"embeddable":true,"href":"https:\/\/vinasfm.com\/noticias\/wp-json\/wp\/v2\/users\/7"}],"replies":[{"embeddable":true,"href":"https:\/\/vinasfm.com\/noticias\/wp-json\/wp\/v2\/comments?post=134542"}],"version-history":[{"count":2,"href":"https:\/\/vinasfm.com\/noticias\/wp-json\/wp\/v2\/posts\/134542\/revisions"}],"predecessor-version":[{"id":134582,"href":"https:\/\/vinasfm.com\/noticias\/wp-json\/wp\/v2\/posts\/134542\/revisions\/134582"}],"wp:featuredmedia":[{"embeddable":true,"href":"https:\/\/vinasfm.com\/noticias\/wp-json\/wp\/v2\/media\/134543"}],"wp:attachment":[{"href":"https:\/\/vinasfm.com\/noticias\/wp-json\/wp\/v2\/media?parent=134542"}],"wp:term":[{"taxonomy":"category","embeddable":true,"href":"https:\/\/vinasfm.com\/noticias\/wp-json\/wp\/v2\/categories?post=134542"},{"taxonomy":"post_tag","embeddable":true,"href":"https:\/\/vinasfm.com\/noticias\/wp-json\/wp\/v2\/tags?post=134542"}],"curies":[{"name":"wp","href":"https:\/\/api.w.org\/{rel}","templated":true}]}}