{"id":134484,"date":"2024-04-17T09:18:41","date_gmt":"2024-04-17T12:18:41","guid":{"rendered":"https:\/\/vinasfm.com\/noticias\/?p=134484"},"modified":"2024-04-18T08:35:05","modified_gmt":"2024-04-18T11:35:05","slug":"tragedia-en-san-rafael-una-nina-murio-atropellada-cuando-iba-a-la-escuela","status":"publish","type":"post","link":"https:\/\/vinasfm.com\/noticias\/tragedia-en-san-rafael-una-nina-murio-atropellada-cuando-iba-a-la-escuela\/","title":{"rendered":"TRAGEDIA EN SAN RAFAEL: UNA NI\u00d1A MURI\u00d3 ATROPELLADA CUANDO IBA A LA ESCUELA"},"content":{"rendered":"<p><span style=\"color: #000000;\"><strong>Ocurri\u00f3 en la ruta 160, a la altura de La Pichana.<\/strong><\/span><\/p>\n<p><span style=\"color: #000000;\">Instantes antes de ingresar a la escuela, una ni\u00f1a de 10 a\u00f1os muri\u00f3 tras ser embestida por un veh\u00edculo en Ca\u00f1ada Seca,<strong>\u00a0San Rafael<\/strong>.<\/span><\/p>\n<p><span style=\"color: #000000;\">Seg\u00fan las primeras informaciones, el hecho ocurri\u00f3 cerca de las 7.30, cuando un grupo de ni\u00f1os bajaba de un colectivo sobre la<strong>\u00a0ruta 160<\/strong>\u00a0a la altura de<strong>\u00a0<\/strong>La Pichana para dirigirse a la escuela primaria\u00a0<strong>Domingo Hermida<\/strong>. En ese momento, el conductor de una camioneta los atropell\u00f3 y por el impacto, una de las nenas falleci\u00f3.<\/span><\/p>\n<p><span style=\"color: #000000;\">Los otros dos menores que resultaron heridos por el incidente fueron trasladados al\u00a0<strong>Hospital Schestakow<\/strong>.<\/span><\/p>\n<aside class=\"scaip scaip-1 \"><\/aside>\n<p><span style=\"color: #000000;\">En el lugar trabaja personal policial y del Servicio de Emergencias Coordinado (SEC).<\/span><\/p>\n","protected":false},"excerpt":{"rendered":"<p>Ocurri\u00f3 en la ruta 160, a la altura de La Pichana. Instantes antes de ingresar a la escuela, una ni\u00f1a de &#8230;<\/p>\n","protected":false},"author":7,"featured_media":134485,"comment_status":"open","ping_status":"open","sticky":false,"template":"","format":"standard","meta":{"footnotes":""},"categories":[5,184],"tags":[],"class_list":["post-134484","post","type-post","status-publish","format-standard","has-post-thumbnail","hentry","category-actualidad","category-siniestro-vial"],"_links":{"self":[{"href":"https:\/\/vinasfm.com\/noticias\/wp-json\/wp\/v2\/posts\/134484","targetHints":{"allow":["GET"]}}],"collection":[{"href":"https:\/\/vinasfm.com\/noticias\/wp-json\/wp\/v2\/posts"}],"about":[{"href":"https:\/\/vinasfm.com\/noticias\/wp-json\/wp\/v2\/types\/post"}],"author":[{"embeddable":true,"href":"https:\/\/vinasfm.com\/noticias\/wp-json\/wp\/v2\/users\/7"}],"replies":[{"embeddable":true,"href":"https:\/\/vinasfm.com\/noticias\/wp-json\/wp\/v2\/comments?post=134484"}],"version-history":[{"count":3,"href":"https:\/\/vinasfm.com\/noticias\/wp-json\/wp\/v2\/posts\/134484\/revisions"}],"predecessor-version":[{"id":134534,"href":"https:\/\/vinasfm.com\/noticias\/wp-json\/wp\/v2\/posts\/134484\/revisions\/134534"}],"wp:featuredmedia":[{"embeddable":true,"href":"https:\/\/vinasfm.com\/noticias\/wp-json\/wp\/v2\/media\/134485"}],"wp:attachment":[{"href":"https:\/\/vinasfm.com\/noticias\/wp-json\/wp\/v2\/media?parent=134484"}],"wp:term":[{"taxonomy":"category","embeddable":true,"href":"https:\/\/vinasfm.com\/noticias\/wp-json\/wp\/v2\/categories?post=134484"},{"taxonomy":"post_tag","embeddable":true,"href":"https:\/\/vinasfm.com\/noticias\/wp-json\/wp\/v2\/tags?post=134484"}],"curies":[{"name":"wp","href":"https:\/\/api.w.org\/{rel}","templated":true}]}}