{"id":134466,"date":"2024-04-16T20:26:11","date_gmt":"2024-04-16T23:26:11","guid":{"rendered":"https:\/\/vinasfm.com\/noticias\/?p=134466"},"modified":"2024-04-18T08:37:36","modified_gmt":"2024-04-18T11:37:36","slug":"real-del-padre-celebro-sus-114-anos-de-historia","status":"publish","type":"post","link":"https:\/\/vinasfm.com\/noticias\/real-del-padre-celebro-sus-114-anos-de-historia\/","title":{"rendered":"REAL DEL PADRE CELEBR\u00d3 SUS 114 A\u00d1OS DE HISTORIA"},"content":{"rendered":"<p><strong>Fue fundado el 16 de abril de 1910 y hoy, el distrito Sanrafealino, contin\u00faa creciendo gracias al esfuerzo de su comunidad y de los productores.<\/strong><\/p>\n<p>En ma\u00f1ana de este martes se realiz\u00f3 el Acto Oficial en aquel distrito en donde se nombr\u00f3 oficialmente como<em> \u00abUni\u00f3n de los Pueblos\u00bb<\/em> al punto de encuentro emplazado en la Ruta Provincial 171.<\/p>\n<p>Tras el Acto, el delegado distrital Ram\u00f3n P\u00e9rez destac\u00f3 que <strong><em>\u00abReal del Padre contin\u00faa siendo un pueblo muy trabajador que, con orgullo, sigue creciendo y apostando por el desarrollo\u00bb.<\/em><\/strong> Adem\u00e1s de vecinos y autoridades, del acto tambi\u00e9n formaron parte las Bandera de Ceremonia de las casi 15 instituciones educativas de la localidad.<\/p>\n<p>Los festejos continuar\u00e1n este s\u00e1bado, 20 de abril, con un evento abierto al p\u00fablico que contar\u00e1 con la actuaci\u00f3n de la banda Tentaci\u00f3n Cumbiera, adem\u00e1s de la participaci\u00f3n de artesanos.<\/p>\n<h2>114 A\u00d1OS DE HISTORIA<\/h2>\n<p>P\u00e9rez sostuvo que<em><strong> \u00abReal del Padre ha crecido mucho en infraestructura, lo que es fundamental para el desarrollo de los pueblos\u00bb<\/strong><\/em>. Sin ir m\u00e1s lejos, durante el 2023 se logr\u00f3 la finalizaci\u00f3n de la Av. San Mart\u00edn que uni\u00f3 a las dos partes del pueblo, de ah\u00ed el nombre del paseo \u00abUni\u00f3n de los Pueblos\u00bb.<\/p>\n<p>\u00ab<em><strong>Nuestro objetivo es seguir reconstruyendo y poniendo en valor a distintos patrimonios del distrito, adem\u00e1s de seguir construyendo obras para nuestros vecinos\u00bb<\/strong><\/em>, se\u00f1al\u00f3. Otro de los momentos destacados es el que rinde homenaje al Submarino Ara-San Juan, siendo este el primero en todo el pa\u00eds.<\/p>\n<p><em><strong>\u00abTenemos un distrito con un atractivo hist\u00f3rico muy rico, por eso estamos tan orgullosos\u00bb<\/strong><\/em>, manifest\u00f3 el delegado Ram\u00f3n P\u00e9rez.<\/p>\n","protected":false},"excerpt":{"rendered":"<p>Fue fundado el 16 de abril de 1910 y hoy, el distrito Sanrafealino, contin\u00faa creciendo gracias al esfuerzo de su comunidad &#8230;<\/p>\n","protected":false},"author":7,"featured_media":134467,"comment_status":"open","ping_status":"open","sticky":false,"template":"","format":"standard","meta":{"footnotes":""},"categories":[5,11],"tags":[],"class_list":["post-134466","post","type-post","status-publish","format-standard","has-post-thumbnail","hentry","category-actualidad","category-sociales"],"_links":{"self":[{"href":"https:\/\/vinasfm.com\/noticias\/wp-json\/wp\/v2\/posts\/134466","targetHints":{"allow":["GET"]}}],"collection":[{"href":"https:\/\/vinasfm.com\/noticias\/wp-json\/wp\/v2\/posts"}],"about":[{"href":"https:\/\/vinasfm.com\/noticias\/wp-json\/wp\/v2\/types\/post"}],"author":[{"embeddable":true,"href":"https:\/\/vinasfm.com\/noticias\/wp-json\/wp\/v2\/users\/7"}],"replies":[{"embeddable":true,"href":"https:\/\/vinasfm.com\/noticias\/wp-json\/wp\/v2\/comments?post=134466"}],"version-history":[{"count":1,"href":"https:\/\/vinasfm.com\/noticias\/wp-json\/wp\/v2\/posts\/134466\/revisions"}],"predecessor-version":[{"id":134468,"href":"https:\/\/vinasfm.com\/noticias\/wp-json\/wp\/v2\/posts\/134466\/revisions\/134468"}],"wp:featuredmedia":[{"embeddable":true,"href":"https:\/\/vinasfm.com\/noticias\/wp-json\/wp\/v2\/media\/134467"}],"wp:attachment":[{"href":"https:\/\/vinasfm.com\/noticias\/wp-json\/wp\/v2\/media?parent=134466"}],"wp:term":[{"taxonomy":"category","embeddable":true,"href":"https:\/\/vinasfm.com\/noticias\/wp-json\/wp\/v2\/categories?post=134466"},{"taxonomy":"post_tag","embeddable":true,"href":"https:\/\/vinasfm.com\/noticias\/wp-json\/wp\/v2\/tags?post=134466"}],"curies":[{"name":"wp","href":"https:\/\/api.w.org\/{rel}","templated":true}]}}