{"id":134463,"date":"2024-04-16T12:18:30","date_gmt":"2024-04-16T15:18:30","guid":{"rendered":"https:\/\/vinasfm.com\/noticias\/?p=134463"},"modified":"2024-04-17T10:21:37","modified_gmt":"2024-04-17T13:21:37","slug":"la-comuna-colaborara-con-gendarmeria-nacional-para-reforzar-la-seguridad-en-el-departamento","status":"publish","type":"post","link":"https:\/\/vinasfm.com\/noticias\/la-comuna-colaborara-con-gendarmeria-nacional-para-reforzar-la-seguridad-en-el-departamento\/","title":{"rendered":"LA COMUNA COLABORAR\u00c1 CON GENDARMER\u00cdA NACIONAL PARA REFORZAR LA SEGURIDAD EN EL DEPARTAMENTO"},"content":{"rendered":"<p><span style=\"color: #000000;\"><strong>La Municipalidad de General Alvear anunci\u00f3 la colaboraci\u00f3n con Gendarmer\u00eda Nacional, poniendo a disposici\u00f3n una camioneta para el uso de este organismo de seguridad nacional. Adem\u00e1s, se ha acordado la instalaci\u00f3n de un puesto de gendarmer\u00eda en la terminal de la ciudad.<\/strong><\/span><\/p>\n<p><span style=\"color: #000000;\">Estos acuerdos surgieron tras una reuni\u00f3n entre el intendente Alejandro Molero y representantes de Gendarmer\u00eda Nacional, en la que se discutieron estrategias para fortalecer la presencia y acci\u00f3n de esta fuerza en el departamento. Adem\u00e1s, Gendarmer\u00eda tendr\u00e1 un can antinarc\u00f3ticos.<\/span><\/p>\n<p><span style=\"color: #000000;\">El compromiso demostrado por el intendente refleja su firme determinaci\u00f3n de trabajar en conjunto con las fuerzas de seguridad para garantizar un entorno seguro y protegido para todos los habitantes. Esta colaboraci\u00f3n no solo busca reforzar la labor de Gendarmer\u00eda Nacional, sino tambi\u00e9n promover la tranquilidad y el orden en la comunidad.<\/span><\/p>\n<p><span style=\"color: #000000;\"><strong><em>\u201cCon estas acciones, la comuna reafirma su compromiso con el bienestar y la seguridad de sus ciudadanos, sentando las bases para una cooperaci\u00f3n efectiva entre las autoridades locales y nacionales en materia de seguridad\u201d<\/em><\/strong>, dijo el Intendente Alejandro Molero.<\/span><\/p>\n","protected":false},"excerpt":{"rendered":"<p>La Municipalidad de General Alvear anunci\u00f3 la colaboraci\u00f3n con Gendarmer\u00eda Nacional, poniendo a disposici\u00f3n una camioneta para el uso de este &#8230;<\/p>\n","protected":false},"author":7,"featured_media":134464,"comment_status":"open","ping_status":"open","sticky":false,"template":"","format":"standard","meta":{"footnotes":""},"categories":[5,78],"tags":[],"class_list":["post-134463","post","type-post","status-publish","format-standard","has-post-thumbnail","hentry","category-actualidad","category-municipalidad"],"_links":{"self":[{"href":"https:\/\/vinasfm.com\/noticias\/wp-json\/wp\/v2\/posts\/134463","targetHints":{"allow":["GET"]}}],"collection":[{"href":"https:\/\/vinasfm.com\/noticias\/wp-json\/wp\/v2\/posts"}],"about":[{"href":"https:\/\/vinasfm.com\/noticias\/wp-json\/wp\/v2\/types\/post"}],"author":[{"embeddable":true,"href":"https:\/\/vinasfm.com\/noticias\/wp-json\/wp\/v2\/users\/7"}],"replies":[{"embeddable":true,"href":"https:\/\/vinasfm.com\/noticias\/wp-json\/wp\/v2\/comments?post=134463"}],"version-history":[{"count":2,"href":"https:\/\/vinasfm.com\/noticias\/wp-json\/wp\/v2\/posts\/134463\/revisions"}],"predecessor-version":[{"id":134496,"href":"https:\/\/vinasfm.com\/noticias\/wp-json\/wp\/v2\/posts\/134463\/revisions\/134496"}],"wp:featuredmedia":[{"embeddable":true,"href":"https:\/\/vinasfm.com\/noticias\/wp-json\/wp\/v2\/media\/134464"}],"wp:attachment":[{"href":"https:\/\/vinasfm.com\/noticias\/wp-json\/wp\/v2\/media?parent=134463"}],"wp:term":[{"taxonomy":"category","embeddable":true,"href":"https:\/\/vinasfm.com\/noticias\/wp-json\/wp\/v2\/categories?post=134463"},{"taxonomy":"post_tag","embeddable":true,"href":"https:\/\/vinasfm.com\/noticias\/wp-json\/wp\/v2\/tags?post=134463"}],"curies":[{"name":"wp","href":"https:\/\/api.w.org\/{rel}","templated":true}]}}