{"id":134422,"date":"2024-04-16T08:10:21","date_gmt":"2024-04-16T11:10:21","guid":{"rendered":"https:\/\/vinasfm.com\/noticias\/?p=134422"},"modified":"2024-04-16T10:15:12","modified_gmt":"2024-04-16T13:15:12","slug":"mendoza-celebra-el-malebec","status":"publish","type":"post","link":"https:\/\/vinasfm.com\/noticias\/mendoza-celebra-el-malebec\/","title":{"rendered":"MENDOZA CELEBRA EL MALBEC"},"content":{"rendered":"<p><span style=\"color: #000000;\"><strong>Como cada 17 de abril, el mundo celebra el Malbec World Day, emblem\u00e1tica cepa que se ha convertido en uno de los faros para quienes eligen visitar Mendoza. Nuestra provincia cuenta con la mayor superficie plantada de malbec, a nivel nacional.<\/strong><\/span><\/p>\n<p><span style=\"color: #000000;\">Esta fecha fue elegida para celebrar a la cepa insignia de Mendoza, ya que ese mismo d\u00eda, pero de 1853, se present\u00f3 ante la Legislatura Provincial de Mendoza el proyecto que contemplaba la creaci\u00f3n de una Quinta Normal y una Escuela de Agricultura.<\/span><\/p>\n<p><span style=\"color: #000000;\">En el marco de este d\u00eda que pone en valor a esta cepa de la bebida nacional, se realizar\u00e1n diversas actividades. Conoc\u00e9las y disfrut\u00e1las.<\/span><\/p>\n<h2><span style=\"color: #000000;\"><strong>Agenda malbec en la Enoteca<\/strong><\/span><\/h2>\n<p><span style=\"color: #000000;\">Este hermoso e hist\u00f3rico lugar donde supo funcionar la Quinta Agron\u00f3mica, ofrecer\u00e1 diversas propuesta para acercar el malbec a mendocinos y turistas.<\/span><\/p>\n<p><span style=\"color: #000000;\">El martes 16, desde las 20 (puntual), en Peltier 611, de Ciudad, ser\u00e1 el turno de \u201cMalbec y empanadas\u201d, un maridaje perfecto. La entrada incluye la degustaci\u00f3n de 3 vinos y 3 empanadas. Los tickets se pueden adquirir a trav\u00e9s de Eventbrite y tienen un valor general de $5000 y para socios de La Enoteca Club, $4000.<\/span><\/p>\n<p><span style=\"color: #000000;\">El mi\u00e9rcoles 17, desde las 20, ser\u00e1 el turno de \u201cEntre copa y copa: Malbec de mis amores\u201d, un encuentro descontracturado con todo lo que hay que saber sobre el Malbec. Habr\u00e1 degustaci\u00f3n de diferentes estilos de vinificaci\u00f3n y vinos de distintas regiones. La entrada incluye la degustaci\u00f3n de 3 vinos malbec. Los tickets se deben adquirir a trav\u00e9s de Eventbrite y tienen un valor general de $3500 y para socios de La Enoteca Club, $3000.<\/span><\/p>\n<h2><span style=\"color: #000000;\"><strong>Festejo del Malbec en Capital<\/strong><\/span><\/h2>\n<p><span style=\"color: #000000;\">La Ciudad de Mendoza cuenta con una nutrida agenda de actividades, que contin\u00faa con el trabajo de difusi\u00f3n de la\u00a0cultura vitivin\u00edcola, busca fomentar la profesionalizaci\u00f3n y capacitar a vecinos, vecinas y turistas, para hacerlos anfitriones y conocedores de nuestra vitivinicultura.<\/span><\/p>\n<p><span style=\"color: #000000;\">Entre las propuestas se destacan degustaciones, paseos por la ciudad, encuentros, charlas, entre otras.<\/span><\/p>\n<p><span style=\"color: #000000;\">Toda la agenda de actividades puede consultarse ingresando a:<\/span>\u00a0<a href=\"https:\/\/ciudaddemendoza.gob.ar\/2024\/04\/03\/celebra-el-mes-del-malbec-en-la-ciudad\/\">https:\/\/ciudaddemendoza.gob.ar\/2024\/04\/03\/celebra-el-mes-del-malbec-en-la-ciudad\/<\/a><\/p>\n<h2><span style=\"color: #000000;\"><strong>Degustaciones en Barrio Chino<\/strong><\/span><\/h2>\n<p><span style=\"color: #000000;\">El caf\u00e9 ubicado en Chacras de Coria ha dedicado sus catas de los jueves al malbec, con proyectos muy novedosos. El jueves 18 de abril, a las 20, el en\u00f3logo Horacio Grafigna presenta sus Malbec de \u201cEl Sue\u00f1o Vineyard\u201d.<\/span><\/p>\n<p><span style=\"color: #000000;\">Luego, el 25 de abril, desde las 20, el en\u00f3logo Nicol\u00e1s Calder\u00f3n de @slaibe_wines presenta el malbec cofermentado con viognier \u201cEnhorabuena\u201d y la cerveza \u201cChe dos mostos\u201d cofermentada con Malbec.<\/span><\/p>\n<p><span style=\"color: #000000;\">La catas incluyen una degustaci\u00f3n de quesos condimentados del Tambo La Isla, combinados con conservas de Matorras Cocina y panes con Aceite de oliva Eli\u00e1. El valor por persona es $9800, con la opci\u00f3n de sumar una humita casera del d\u00eda x $6900.<\/span><\/p>\n<p><span style=\"color: #000000;\">Las reservas pueden realizarse al: 2614546822<\/span><\/p>\n<h2><span style=\"color: #000000;\"><strong>Replan en Isidris<\/strong><\/span><\/h2>\n<p><span style=\"color: #000000;\">El restaurante Isidris,\u00a0ubicado dentro del complejo hotelero\u00a0Puesto del Indio, inserto entre los cerros, a minutos de la Ciudad de Mendoza, invita a celebrar el malbec con un men\u00fa de tres pasos, especialmente maridado con esta cepa.<\/span><\/p>\n<p><span style=\"color: #000000;\">Las reservas y consultas pueden realizarse al siguiente n\u00famero: 2616149008.<\/span><\/p>\n<h2><span style=\"color: #000000;\"><strong>Ciclo de Tango &amp; Vino<\/strong><\/span><\/h2>\n<p><span style=\"color: #000000;\">Bodegas CARO abre sus puertas para disfrutar de este exclusivo ciclo. En esta renovada edici\u00f3n, el espect\u00e1culo de Mariano Dalla Torre y Oscar Puebla aborda tangos cl\u00e1sicos en formato ac\u00fastico y tangos contempor\u00e1neos con particulares arreglos influenciados por el jazz y la m\u00fasica experimental.<\/span><\/p>\n<p><span style=\"color: #000000;\">Con el mismo concepto, grandes bailarines mendocinos realizar\u00e1n tango sal\u00f3n, tango escenario y performance de vanguardia est\u00e9tica y coreogr\u00e1fica. Mientras tanto, los asistentes al ciclo se deleitar\u00e1n con una selecci\u00f3n de quesos y fiambres gourmet y por supuesto, degustar\u00e1n los aclamados vinos de Bodegas CARO (Aruma, Petit Caro y el vino \u00edcono Caro).<\/span><\/p>\n<p><span style=\"color: #000000;\">Antes del show, los asistentes tendr\u00e1n la posibilidad de explorar la bodega patrimonial construida en 1884, \u00e9poca del boom de la vitivinicultura y \u00e9poca de nacimiento del Tango.<\/span><\/p>\n<p><span style=\"color: #000000;\">Las entradas pueden conseguirse en:<\/span>\u00a0<a href=\"https:\/\/www.entradaweb.com.ar\/evento\/1b0f560d\/step\/1\">https:\/\/www.entradaweb.com.ar\/evento\/1b0f560d\/step\/1<\/a><\/p>\n<h2><span style=\"color: #000000;\"><strong>Wineland Festival<\/strong><\/span><\/h2>\n<p><span style=\"color: #000000;\">Bosco Restaurant, ubicado en el coraz\u00f3n del Parque General San Mart\u00edn, ser\u00e1 epicentro de la octava edici\u00f3n de \u201cWineland Festival\u201d. All\u00ed se realizar\u00e1 una degustaci\u00f3n de vinos, sumado a una mega producci\u00f3n y el cl\u00e1sico atardecer entre vinos, tragos, gastronom\u00eda y mucha fiesta hasta las 2.<\/span><\/p>\n<p><span style=\"color: #000000;\">Habr\u00e1 degustaci\u00f3n libre de vinos 18 a 22, con la participaci\u00f3n de m\u00e1s de 10 bodegas mendocinas; habr\u00e1 una Copa Wineland de regalo; m\u00fasica y un sorteo incre\u00edble.<\/span><\/p>\n<p><span style=\"color: #000000;\">Consegu\u00ed tu entrada en:<\/span>\u00a0<a href=\"https:\/\/www.entradaweb.com.ar\/evento\/18982398\/step\/1\">https:\/\/www.entradaweb.com.ar\/evento\/18982398\/step\/1<\/a><\/p>\n<h2><span style=\"color: #000000;\"><strong>Entre copas<\/strong><\/span><\/h2>\n<p><span style=\"color: #000000;\">El jueves 18 de abril, a las 21, se llevar\u00e1 a cabo una nueva edici\u00f3n del premiado ciclo Entre Copas organizado por Sheraton Mendoza Hotel. Participar\u00e1 Adri\u00e1n Toledo, en\u00f3logo de bodega Sottano. La velada ser\u00e1 un maridaje lleno de encanto entre las imperdibles an\u00e9cdotas del en\u00f3logo de bodega Sottano, sus vinos y los exquisitos sabores del chef ejecutivo del hotel, Mart\u00edn Chac\u00f3n. Ser\u00e1 una cena de cinco pasos, maridada con cinco vinos.<\/span><\/p>\n<p><span style=\"color: #000000;\">\u00a0<\/span><br \/>\n<span style=\"color: #000000;\">El valor de la entrada: $55.000 por persona. Las entradas pueden comprarse en:<\/span>\u00a0<a href=\"https:\/\/www.entradaweb.com.ar\/evento\/d27dab75\/step\/1\">https:\/\/www.entradaweb.com.ar\/evento\/d27dab75\/step\/1<\/a><\/p>\n<h2><span style=\"color: #000000;\"><strong>Las Flores del Malbec<\/strong><\/span><\/h2>\n<p><span style=\"color: #000000;\">El\u00a0Anexo MMAMM, ubicado en el Parque Central, la bodega Mi Terru\u00f1o celebrar\u00e1 el d\u00eda mundial del malbec con su propuesta \u201cLas Flores del Malbec, el Arte del Vino\u201d. All\u00ed los asistentes podr\u00e1n disfrutar de experiencias sinest\u00e9sicas, degustaci\u00f3n de 6\u00a0Malbecs de Mi Terru\u00f1o\u00a0con la en\u00f3loga\u00a0Maria Eugenia Baigorria, y una exposici\u00f3n de arte de\u00a0Francisco Heredia. Adem\u00e1s, podr\u00e1s disfrutar de Tartar de trucha y Sandwich de cerdo braseado.<\/span><\/p>\n<p><span style=\"color: #000000;\">El Valor de la entrada incluye acceso a la degustaci\u00f3n de\u00a0Bodega Mi Terru\u00f1o\u00a0+ 1 ticket para canje x 1 tartar de trucha + 1 ticket para canje x 1 sandwich. Entradas en:<\/span>\u00a0<a href=\"https:\/\/www.entradaweb.com.ar\/evento\/a4eb9ffc\/step\/1\">https:\/\/www.entradaweb.com.ar\/evento\/a4eb9ffc\/step\/1<\/a><\/p>\n","protected":false},"excerpt":{"rendered":"<p>Como cada 17 de abril, el mundo celebra el Malbec World Day, emblem\u00e1tica cepa que se ha convertido en uno de &#8230;<\/p>\n","protected":false},"author":7,"featured_media":134423,"comment_status":"open","ping_status":"open","sticky":false,"template":"","format":"standard","meta":{"footnotes":""},"categories":[1],"tags":[],"class_list":["post-134422","post","type-post","status-publish","format-standard","has-post-thumbnail","hentry","category-fmvinas"],"_links":{"self":[{"href":"https:\/\/vinasfm.com\/noticias\/wp-json\/wp\/v2\/posts\/134422","targetHints":{"allow":["GET"]}}],"collection":[{"href":"https:\/\/vinasfm.com\/noticias\/wp-json\/wp\/v2\/posts"}],"about":[{"href":"https:\/\/vinasfm.com\/noticias\/wp-json\/wp\/v2\/types\/post"}],"author":[{"embeddable":true,"href":"https:\/\/vinasfm.com\/noticias\/wp-json\/wp\/v2\/users\/7"}],"replies":[{"embeddable":true,"href":"https:\/\/vinasfm.com\/noticias\/wp-json\/wp\/v2\/comments?post=134422"}],"version-history":[{"count":2,"href":"https:\/\/vinasfm.com\/noticias\/wp-json\/wp\/v2\/posts\/134422\/revisions"}],"predecessor-version":[{"id":134439,"href":"https:\/\/vinasfm.com\/noticias\/wp-json\/wp\/v2\/posts\/134422\/revisions\/134439"}],"wp:featuredmedia":[{"embeddable":true,"href":"https:\/\/vinasfm.com\/noticias\/wp-json\/wp\/v2\/media\/134423"}],"wp:attachment":[{"href":"https:\/\/vinasfm.com\/noticias\/wp-json\/wp\/v2\/media?parent=134422"}],"wp:term":[{"taxonomy":"category","embeddable":true,"href":"https:\/\/vinasfm.com\/noticias\/wp-json\/wp\/v2\/categories?post=134422"},{"taxonomy":"post_tag","embeddable":true,"href":"https:\/\/vinasfm.com\/noticias\/wp-json\/wp\/v2\/tags?post=134422"}],"curies":[{"name":"wp","href":"https:\/\/api.w.org\/{rel}","templated":true}]}}