{"id":134353,"date":"2024-04-13T10:17:31","date_gmt":"2024-04-13T13:17:31","guid":{"rendered":"https:\/\/vinasfm.com\/noticias\/?p=134353"},"modified":"2024-04-15T10:26:21","modified_gmt":"2024-04-15T13:26:21","slug":"la-pampa-volvio-a-reclamar-por-la-erogacion-de-agua-en-el-rio-atuel","status":"publish","type":"post","link":"https:\/\/vinasfm.com\/noticias\/la-pampa-volvio-a-reclamar-por-la-erogacion-de-agua-en-el-rio-atuel\/","title":{"rendered":"LA PAMPA VOLVI\u00d3 A RECLAMAR POR LA EROGACI\u00d3N DE AGUA EN EL R\u00cdO ATUEL"},"content":{"rendered":"<p><span style=\"color: #000000;\"><strong>El conflicto por el agua del R\u00edo Atuel con la vecina provincia es de vieja data. Esta vez, productores pampeanos reclamaron por la gran circulaci\u00f3n de agua durante el fin de semana largo.<\/strong><\/span><\/p>\n<p><span style=\"color: #000000;\">El Consejero por el R\u00edo Atuel, Gustavo Villegas, explic\u00f3 que <strong><em>\u00abla cantidad de agua erogada en el Nihuil es la solicitada por las distintas inspecciones para el riego, la misma tambi\u00e9n es utilizada por las hidroel\u00e9ctricas para generar energ\u00eda. El agua que circula por el R\u00edo Atuel es el agua que com\u00fanmente vemos y su cantidad es variable seg\u00fan la \u00e9poca\u00bb.<\/em><\/strong><\/span><\/p>\n<p><span style=\"color: #000000;\">Sobre el reclamo por la poca cantidad de agua que tienen e la vecina provincia, Villegas se\u00f1al\u00f3<strong><em> \u00abel agua no alcanza para satisfacer los usos que se les da en Mendoza y eso es lo que venimos sosteniendo desde hace a\u00f1os. Por eso no podemos cumplir con la cantidad de agua que reclaman\u00bb.<\/em><\/strong><\/span><\/p>\n<p><span style=\"color: #000000;\">Adem\u00e1s, sostuvo que <strong>\u00ab<em>el conflicto por el uso del agua en nuestra provincia tambi\u00e9n enfrenta al sector agr\u00edcola y al tur\u00edstico, que algunas veces se han visto afectado por los cortes tras las lluvias que benefician a los regantes\u00bb.<\/em><\/strong><\/span><\/p>\n","protected":false},"excerpt":{"rendered":"<p>El conflicto por el agua del R\u00edo Atuel con la vecina provincia es de vieja data. Esta vez, productores pampeanos reclamaron &#8230;<\/p>\n","protected":false},"author":7,"featured_media":134356,"comment_status":"open","ping_status":"open","sticky":false,"template":"","format":"standard","meta":{"footnotes":""},"categories":[5,37],"tags":[],"class_list":["post-134353","post","type-post","status-publish","format-standard","has-post-thumbnail","hentry","category-actualidad","category-irrigacion"],"_links":{"self":[{"href":"https:\/\/vinasfm.com\/noticias\/wp-json\/wp\/v2\/posts\/134353","targetHints":{"allow":["GET"]}}],"collection":[{"href":"https:\/\/vinasfm.com\/noticias\/wp-json\/wp\/v2\/posts"}],"about":[{"href":"https:\/\/vinasfm.com\/noticias\/wp-json\/wp\/v2\/types\/post"}],"author":[{"embeddable":true,"href":"https:\/\/vinasfm.com\/noticias\/wp-json\/wp\/v2\/users\/7"}],"replies":[{"embeddable":true,"href":"https:\/\/vinasfm.com\/noticias\/wp-json\/wp\/v2\/comments?post=134353"}],"version-history":[{"count":2,"href":"https:\/\/vinasfm.com\/noticias\/wp-json\/wp\/v2\/posts\/134353\/revisions"}],"predecessor-version":[{"id":134397,"href":"https:\/\/vinasfm.com\/noticias\/wp-json\/wp\/v2\/posts\/134353\/revisions\/134397"}],"wp:featuredmedia":[{"embeddable":true,"href":"https:\/\/vinasfm.com\/noticias\/wp-json\/wp\/v2\/media\/134356"}],"wp:attachment":[{"href":"https:\/\/vinasfm.com\/noticias\/wp-json\/wp\/v2\/media?parent=134353"}],"wp:term":[{"taxonomy":"category","embeddable":true,"href":"https:\/\/vinasfm.com\/noticias\/wp-json\/wp\/v2\/categories?post=134353"},{"taxonomy":"post_tag","embeddable":true,"href":"https:\/\/vinasfm.com\/noticias\/wp-json\/wp\/v2\/tags?post=134353"}],"curies":[{"name":"wp","href":"https:\/\/api.w.org\/{rel}","templated":true}]}}