{"id":134348,"date":"2024-04-12T20:19:42","date_gmt":"2024-04-12T23:19:42","guid":{"rendered":"https:\/\/vinasfm.com\/noticias\/?p=134348"},"modified":"2024-04-15T10:26:42","modified_gmt":"2024-04-15T13:26:42","slug":"tragico-accidente-en-el-puente-colorado-sobre-rn-143","status":"publish","type":"post","link":"https:\/\/vinasfm.com\/noticias\/tragico-accidente-en-el-puente-colorado-sobre-rn-143\/","title":{"rendered":"TR\u00c1GICO ACCIDENTE EN EL PUENTE COLORADO, SOBRE RN 143"},"content":{"rendered":"<div dir=\"auto\"><span style=\"color: #000000;\"><strong>Un cami\u00f3n impacto con un colectivo de La Uni\u00f3n que se dirig\u00eda al distrito.<\/strong><\/span><\/div>\n<div dir=\"auto\"><\/div>\n<div dir=\"auto\"><span style=\"color: #000000;\">El Cami\u00f3n de la Empresa Roig que se dirig\u00eda de sur a norte por Ruta 143 transportaba peras y manzanas impacto de frente con el colectivo de La Uni\u00f3n, que marchaba hacia el distrito del sur provocando la muerte instantanea del chofer del micro. Producto del mismo siniestro, perdieron la vida 3 ciudadanos identificados como Sergio Jaime (47 a\u00f1os, chofer del micro), Hern\u00e1n Luffi (49) y Gustavo Mansilla (58), estos dos \u00faltimos pasajeros del veh\u00edculo de transporte p\u00fablico.<\/span><\/div>\n<div dir=\"auto\"><\/div>\n<div dir=\"auto\"><span style=\"color: #000000;\">Adem\u00e1s, alrededor de 16 pasajeros fueron hospitalizados, entre ellos un beb\u00e9 de un a\u00f1o. Seg\u00fan la informaci\u00f3n oficial, ocho de esos lesionados se encuentran en el hospital Enfermeros Argentinos, (una mujer en sala de terapia intensiva con pron\u00f3stico reservado) y un herido m\u00e1s en el sanatorio Gasa. En tanto, un hombre que tambi\u00e9n result\u00f3 gravemente lesionado en su cabeza y fue trasladado minutos despu\u00e9s del choque al hospital Schestakow, de San Rafael, permanece en la unidad de terapia intensiva de ese nosocomio.<\/span><\/div>\n<div dir=\"auto\"><\/div>\n<div dir=\"auto\">\n<p>&nbsp;<\/p>\n<\/div>\n","protected":false},"excerpt":{"rendered":"<p>Un cami\u00f3n impacto con un colectivo de La Uni\u00f3n que se dirig\u00eda al distrito. El Cami\u00f3n de la Empresa Roig que &#8230;<\/p>\n","protected":false},"author":7,"featured_media":134349,"comment_status":"open","ping_status":"open","sticky":false,"template":"","format":"standard","meta":{"footnotes":""},"categories":[5,184],"tags":[],"class_list":["post-134348","post","type-post","status-publish","format-standard","has-post-thumbnail","hentry","category-actualidad","category-siniestro-vial"],"_links":{"self":[{"href":"https:\/\/vinasfm.com\/noticias\/wp-json\/wp\/v2\/posts\/134348","targetHints":{"allow":["GET"]}}],"collection":[{"href":"https:\/\/vinasfm.com\/noticias\/wp-json\/wp\/v2\/posts"}],"about":[{"href":"https:\/\/vinasfm.com\/noticias\/wp-json\/wp\/v2\/types\/post"}],"author":[{"embeddable":true,"href":"https:\/\/vinasfm.com\/noticias\/wp-json\/wp\/v2\/users\/7"}],"replies":[{"embeddable":true,"href":"https:\/\/vinasfm.com\/noticias\/wp-json\/wp\/v2\/comments?post=134348"}],"version-history":[{"count":6,"href":"https:\/\/vinasfm.com\/noticias\/wp-json\/wp\/v2\/posts\/134348\/revisions"}],"predecessor-version":[{"id":134351,"href":"https:\/\/vinasfm.com\/noticias\/wp-json\/wp\/v2\/posts\/134348\/revisions\/134351"}],"wp:featuredmedia":[{"embeddable":true,"href":"https:\/\/vinasfm.com\/noticias\/wp-json\/wp\/v2\/media\/134349"}],"wp:attachment":[{"href":"https:\/\/vinasfm.com\/noticias\/wp-json\/wp\/v2\/media?parent=134348"}],"wp:term":[{"taxonomy":"category","embeddable":true,"href":"https:\/\/vinasfm.com\/noticias\/wp-json\/wp\/v2\/categories?post=134348"},{"taxonomy":"post_tag","embeddable":true,"href":"https:\/\/vinasfm.com\/noticias\/wp-json\/wp\/v2\/tags?post=134348"}],"curies":[{"name":"wp","href":"https:\/\/api.w.org\/{rel}","templated":true}]}}