{"id":134342,"date":"2024-04-12T14:58:22","date_gmt":"2024-04-12T17:58:22","guid":{"rendered":"https:\/\/vinasfm.com\/noticias\/?p=134342"},"modified":"2024-04-15T10:27:14","modified_gmt":"2024-04-15T13:27:14","slug":"programa-mejoro-mi-casa-5-familias-alvearenses-fueron-beneficiadas","status":"publish","type":"post","link":"https:\/\/vinasfm.com\/noticias\/programa-mejoro-mi-casa-5-familias-alvearenses-fueron-beneficiadas\/","title":{"rendered":"PROGRAMA MEJORO MI CASA: 5 FAMILIAS ALVEARENSES FUERON BENEFICIADAS"},"content":{"rendered":"<h4><strong>El Programa Mejoro mi Casa\u00a0otorga cr\u00e9ditos destinados a obras de ampliaciones de viviendas habitadas por grupos familiares con necesidades b\u00e1sicas insatisfechas, con hacinamiento y\/o promiscuidad habitacional.<\/strong><\/h4>\n<h2>PROGRAMA MEJORO MI CASA, M\u00c1S INFORMACI\u00d3N:<\/h2>\n<p>Es un pr\u00e9stamo al 100% con devoluci\u00f3n de hasta 30 a\u00f1os. El IPV mantiene el programa que ofrece soluciones edilicias para hogares que padecen hacinamiento o precariedad.<\/p>\n<p>El IPV sigue trabajando este programa en forma mancomunada con el municipio con el objetivo de dar soluci\u00f3n a la problem\u00e1tica habitacional de los sectores de la poblaci\u00f3n m\u00e1s necesitados. La idea de esta l\u00ednea es atender la situaci\u00f3n de grupos familiares que aunque ya posean vivienda, est\u00e1n en situaci\u00f3n de hacinamiento y precariedad.<\/p>\n<p>De acuerdo a la intervenci\u00f3n que el grupo familiar necesite ser\u00e1 la soluci\u00f3n que se aplique. El programa comprende 6 diversas tipolog\u00edas: <strong>T1<\/strong> (ba\u00f1o y lavadero &#8211; 6.84m2), <strong>T2<\/strong> (ba\u00f1o para discapacitado &#8211; 9.60m2), <strong>T3<\/strong> (un dormitorio &#8211; 14.40m2), <strong>T4<\/strong> (sal\u00f3n \u2013 23.50m2), <strong>T5<\/strong> (2 dormitorios &#8211; 23.50m2) y <strong>T6<\/strong> (doble intervenci\u00f3n &#8211; 32.46m2).<\/p>\n<p>El intendente de la comuna, <strong><span style=\"color: #333399;\">Alejandro Molero<\/span><\/strong>, habl\u00f3 al respecto en la ma\u00f1ana del viernes: <em><strong>&#8216;primero agradecer al equipo del IPV que ha podido llegar al departamento, cuando uno entrega mejoramientos a los vecinos es un momento de mucha alegr\u00eda&#8217;<\/strong><\/em>.<\/p>\n<p><em><strong>&#8216;Lo m\u00e1s importante es el trabajo que estamos realizando en conjunto, es un trabajo muy arduo que se esta desarrollando junto a la provincia para tambi\u00e9n poder terminar algunos barrios que est\u00e1n en ejecuci\u00f3n&#8217;.\u00a0<\/strong><\/em><\/p>\n<p>Respecto a las obras en diferentes barrios agrego:<em><strong> &#8216;Queremos reflotar el inicio de las obras en alg\u00fan otro barrio que ha quedado relegado producto de la crisis que estamos atravesando&#8217; &#8216;La idea es no detenernos y seguir construyendo para el crecimiento de nuestro departamento&#8217;.\u00a0<\/strong><\/em><\/p>\n<p>Se hizo presente en el departamento el Presidente del IPV de la provincia, <strong><span style=\"color: #333399;\">Gustavo Cantero<\/span><\/strong>, quien destaco que este programa atiende a diferentes personas que lo necesitan si de viviendas hablamos: <em><strong>&#8216;son programas que desde lo social tienen suma importancia, estamos con las operatorias de viviendas trabajando dentro de un marco presupuestario que nos marca la realidad de los avances de las obras&#8217;<\/strong><\/em><\/p>\n<p><em><strong>&#8216;Asumimos el trabajo con todos los intendentes, nos enfocamos a seguir trabajando en el futuro con los directivos que est\u00e1n en los territorios, creemos que la provincia debe trabajar con el interior, el IPV es provincial no solo de la Ciudad de Mendoza&#8217;.\u00a0<\/strong><\/em><\/p>\n<p>Las personas que recibieron este beneficio en nuestro departamento fueron 5:<\/p>\n<p>2 CARMENSA<\/p>\n<p>2 CIUDAD<\/p>\n<p>1 OESTE<\/p>\n<p>&nbsp;<\/p>\n","protected":false},"excerpt":{"rendered":"<p>El Programa Mejoro mi Casa\u00a0otorga cr\u00e9ditos destinados a obras de ampliaciones de viviendas habitadas por grupos familiares con necesidades b\u00e1sicas insatisfechas, &#8230;<\/p>\n","protected":false},"author":7,"featured_media":134343,"comment_status":"open","ping_status":"open","sticky":false,"template":"","format":"standard","meta":{"footnotes":""},"categories":[5,67],"tags":[],"class_list":["post-134342","post","type-post","status-publish","format-standard","has-post-thumbnail","hentry","category-actualidad","category-ipv"],"_links":{"self":[{"href":"https:\/\/vinasfm.com\/noticias\/wp-json\/wp\/v2\/posts\/134342","targetHints":{"allow":["GET"]}}],"collection":[{"href":"https:\/\/vinasfm.com\/noticias\/wp-json\/wp\/v2\/posts"}],"about":[{"href":"https:\/\/vinasfm.com\/noticias\/wp-json\/wp\/v2\/types\/post"}],"author":[{"embeddable":true,"href":"https:\/\/vinasfm.com\/noticias\/wp-json\/wp\/v2\/users\/7"}],"replies":[{"embeddable":true,"href":"https:\/\/vinasfm.com\/noticias\/wp-json\/wp\/v2\/comments?post=134342"}],"version-history":[{"count":1,"href":"https:\/\/vinasfm.com\/noticias\/wp-json\/wp\/v2\/posts\/134342\/revisions"}],"predecessor-version":[{"id":134344,"href":"https:\/\/vinasfm.com\/noticias\/wp-json\/wp\/v2\/posts\/134342\/revisions\/134344"}],"wp:featuredmedia":[{"embeddable":true,"href":"https:\/\/vinasfm.com\/noticias\/wp-json\/wp\/v2\/media\/134343"}],"wp:attachment":[{"href":"https:\/\/vinasfm.com\/noticias\/wp-json\/wp\/v2\/media?parent=134342"}],"wp:term":[{"taxonomy":"category","embeddable":true,"href":"https:\/\/vinasfm.com\/noticias\/wp-json\/wp\/v2\/categories?post=134342"},{"taxonomy":"post_tag","embeddable":true,"href":"https:\/\/vinasfm.com\/noticias\/wp-json\/wp\/v2\/tags?post=134342"}],"curies":[{"name":"wp","href":"https:\/\/api.w.org\/{rel}","templated":true}]}}