{"id":134319,"date":"2024-04-12T10:25:51","date_gmt":"2024-04-12T13:25:51","guid":{"rendered":"https:\/\/vinasfm.com\/noticias\/?p=134319"},"modified":"2024-04-13T10:21:39","modified_gmt":"2024-04-13T13:21:39","slug":"mendoza-magica-llega-a-general-alvear","status":"publish","type":"post","link":"https:\/\/vinasfm.com\/noticias\/mendoza-magica-llega-a-general-alvear\/","title":{"rendered":"MENDOZA M\u00c1GICA LLEGA A GENERAL ALVEAR"},"content":{"rendered":"<p><span style=\"color: #000000;\"><strong>El maravilloso espect\u00e1culo se presentar\u00e1 este s\u00e1bado, 13 de abril, en el Cine Teatro Antonio Lafalla.<\/strong><\/span><\/p>\n<p><span style=\"color: #000000;\">\u201cMendoza M\u00e1gica\u201d es un proyecto de origen sanrafaelino que est\u00e1 recorriendo la provincia deslumbrando a miles de personas. Los artistas visitar\u00e1n este viernes distintas escuelas rurales de la provincia y el d\u00eda s\u00e1bado se presentar\u00e1n en el Cine Teatro Antonio Lafalla, a las 17:00 horas.<\/span><\/p>\n<p><span style=\"color: #000000;\">El mago David Dosam, que conforma el elenco de artistas, se\u00f1al\u00f3 que \u201c<em><strong>este concepto lo venimos desarrollando desde hace un a\u00f1o y con \u00e9l buscamos llevar la magia a toda la provincia\u201d.<\/strong><\/em> Esta es la primera vez en el pa\u00eds que se hace una propuesta similar ya que recorrer\u00e1 Mendoza durante 18 d\u00edas.<\/span><\/p>\n<p><span style=\"color: #000000;\">El elenco que estar\u00e1 presente en General Alvear lo completan los magos argentinos Tato Sosa, Javier, Lito Funes y el chileno Sebastian Moureira.<\/span><\/p>\n<p><a href=\"https:\/\/vinasfm.com\/noticias\/wp-content\/uploads\/2024\/04\/WhatsApp-Image-2024-04-05-at-09.12.42.jpeg\"><img loading=\"lazy\" decoding=\"async\" class=\"alignnone size-medium wp-image-134326\" src=\"https:\/\/vinasfm.com\/noticias\/wp-content\/uploads\/2024\/04\/WhatsApp-Image-2024-04-05-at-09.12.42-238x300.jpeg\" alt=\"\" width=\"238\" height=\"300\" srcset=\"https:\/\/vinasfm.com\/noticias\/wp-content\/uploads\/2024\/04\/WhatsApp-Image-2024-04-05-at-09.12.42-238x300.jpeg 238w, https:\/\/vinasfm.com\/noticias\/wp-content\/uploads\/2024\/04\/WhatsApp-Image-2024-04-05-at-09.12.42-812x1024.jpeg 812w, https:\/\/vinasfm.com\/noticias\/wp-content\/uploads\/2024\/04\/WhatsApp-Image-2024-04-05-at-09.12.42-768x968.jpeg 768w, https:\/\/vinasfm.com\/noticias\/wp-content\/uploads\/2024\/04\/WhatsApp-Image-2024-04-05-at-09.12.42-1218x1536.jpeg 1218w, https:\/\/vinasfm.com\/noticias\/wp-content\/uploads\/2024\/04\/WhatsApp-Image-2024-04-05-at-09.12.42.jpeg 1269w\" sizes=\"auto, (max-width: 238px) 100vw, 238px\" \/><\/a><\/p>\n","protected":false},"excerpt":{"rendered":"<p>El maravilloso espect\u00e1culo se presentar\u00e1 este s\u00e1bado, 13 de abril, en el Cine Teatro Antonio Lafalla. \u201cMendoza M\u00e1gica\u201d es un proyecto &#8230;<\/p>\n","protected":false},"author":7,"featured_media":134320,"comment_status":"open","ping_status":"open","sticky":false,"template":"","format":"standard","meta":{"footnotes":""},"categories":[5,19],"tags":[],"class_list":["post-134319","post","type-post","status-publish","format-standard","has-post-thumbnail","hentry","category-actualidad","category-cultura"],"_links":{"self":[{"href":"https:\/\/vinasfm.com\/noticias\/wp-json\/wp\/v2\/posts\/134319","targetHints":{"allow":["GET"]}}],"collection":[{"href":"https:\/\/vinasfm.com\/noticias\/wp-json\/wp\/v2\/posts"}],"about":[{"href":"https:\/\/vinasfm.com\/noticias\/wp-json\/wp\/v2\/types\/post"}],"author":[{"embeddable":true,"href":"https:\/\/vinasfm.com\/noticias\/wp-json\/wp\/v2\/users\/7"}],"replies":[{"embeddable":true,"href":"https:\/\/vinasfm.com\/noticias\/wp-json\/wp\/v2\/comments?post=134319"}],"version-history":[{"count":5,"href":"https:\/\/vinasfm.com\/noticias\/wp-json\/wp\/v2\/posts\/134319\/revisions"}],"predecessor-version":[{"id":134329,"href":"https:\/\/vinasfm.com\/noticias\/wp-json\/wp\/v2\/posts\/134319\/revisions\/134329"}],"wp:featuredmedia":[{"embeddable":true,"href":"https:\/\/vinasfm.com\/noticias\/wp-json\/wp\/v2\/media\/134320"}],"wp:attachment":[{"href":"https:\/\/vinasfm.com\/noticias\/wp-json\/wp\/v2\/media?parent=134319"}],"wp:term":[{"taxonomy":"category","embeddable":true,"href":"https:\/\/vinasfm.com\/noticias\/wp-json\/wp\/v2\/categories?post=134319"},{"taxonomy":"post_tag","embeddable":true,"href":"https:\/\/vinasfm.com\/noticias\/wp-json\/wp\/v2\/tags?post=134319"}],"curies":[{"name":"wp","href":"https:\/\/api.w.org\/{rel}","templated":true}]}}