{"id":134307,"date":"2024-04-12T09:45:50","date_gmt":"2024-04-12T12:45:50","guid":{"rendered":"https:\/\/vinasfm.com\/noticias\/?p=134307"},"modified":"2024-04-12T14:58:18","modified_gmt":"2024-04-12T17:58:18","slug":"llegaron-las-vacunas-antigripales-al-vacunatorio-local","status":"publish","type":"post","link":"https:\/\/vinasfm.com\/noticias\/llegaron-las-vacunas-antigripales-al-vacunatorio-local\/","title":{"rendered":"LLEGARON LAS VACUNAS ANTIGRIPALES AL VACUNATORIO LOCAL"},"content":{"rendered":"<p><span style=\"color: #000000;\"><strong>Comenz\u00f3 la vacunaci\u00f3n\u00a0<\/strong><strong>antigripal<\/strong><strong>\u00a0la cual\u00a0reduce las complicaciones, hospitalizaciones, secuelas y muertes ocasionadas por el virus de la influenza.<\/strong><\/span><\/p>\n<p><span style=\"color: #000000;\">La noticia la confirm\u00f3 el jefe del vacunatorio local, Adri\u00e1n Rodr\u00edguez, <strong><em>\u201cse trata de la cepa 2024 que, hace dos semanas, se estaban colocando a personal del nosocomio y a embarazadas porque eran la prioridad\u201d.<\/em><\/strong> Desde ayer, se lanz\u00f3 la vacunaci\u00f3n general a la que pueden acceder ni\u00f1os con la vacuna antigripal pedi\u00e1trica, dependiendo del Calendario Nacional de Vacunaci\u00f3n, personas (de 3 a 64 a\u00f1os) que acrediten la necesidad de la misma, para mayores de 65 a\u00f1os existe una vacuna adyuvantada. \u00a0<\/span><\/p>\n<p><span style=\"color: #000000;\">Es importante conocer que la Vacuna Antigripal 2024 est\u00e1 disponible tanto en el vacunatorio del Hospital Enfermeros Argentinos y centros de salud locales.<\/span><\/p>\n<p><span style=\"color: #000000;\">Por otro lado, Rodr\u00edguez se\u00f1al\u00f3 que <strong><em>\u201cse encuentran disponibles todas las vacunas que integran el Calendario de Vacunaci\u00f3n y, si no hay stock, se solicitan a Mendoza y en el menor tiempo posible est\u00e1n en el departamento\u201d. <\/em><\/strong>Otras vacunas que se aplican en el Vacunatorio son el 6\u00b0 refuerzo de COVID-19, antitet\u00e1nica y la antineumoc\u00f3cica.<\/span><\/p>\n<p><span style=\"color: #000000;\">Por \u00faltimo, el jefe del vacunatorio destac\u00f3 que <em><strong>\u201cMendoza lidera la cobertura a nivel nacional contra el Virus Sindical Respiratorio. La misma est\u00e1 destinada exclusivamente a embarazadas que se encuentren cursando entre las 32 y las 36 semanas y 6 d\u00edas de gestaci\u00f3n\u201d.<\/strong><\/em><\/span><\/p>\n<p>&nbsp;<\/p>\n","protected":false},"excerpt":{"rendered":"<p>Comenz\u00f3 la vacunaci\u00f3n\u00a0antigripal\u00a0la cual\u00a0reduce las complicaciones, hospitalizaciones, secuelas y muertes ocasionadas por el virus de la influenza. La noticia la confirm\u00f3 &#8230;<\/p>\n","protected":false},"author":7,"featured_media":134308,"comment_status":"open","ping_status":"open","sticky":false,"template":"","format":"standard","meta":{"footnotes":""},"categories":[5,15],"tags":[],"class_list":["post-134307","post","type-post","status-publish","format-standard","has-post-thumbnail","hentry","category-actualidad","category-salud"],"_links":{"self":[{"href":"https:\/\/vinasfm.com\/noticias\/wp-json\/wp\/v2\/posts\/134307","targetHints":{"allow":["GET"]}}],"collection":[{"href":"https:\/\/vinasfm.com\/noticias\/wp-json\/wp\/v2\/posts"}],"about":[{"href":"https:\/\/vinasfm.com\/noticias\/wp-json\/wp\/v2\/types\/post"}],"author":[{"embeddable":true,"href":"https:\/\/vinasfm.com\/noticias\/wp-json\/wp\/v2\/users\/7"}],"replies":[{"embeddable":true,"href":"https:\/\/vinasfm.com\/noticias\/wp-json\/wp\/v2\/comments?post=134307"}],"version-history":[{"count":1,"href":"https:\/\/vinasfm.com\/noticias\/wp-json\/wp\/v2\/posts\/134307\/revisions"}],"predecessor-version":[{"id":134309,"href":"https:\/\/vinasfm.com\/noticias\/wp-json\/wp\/v2\/posts\/134307\/revisions\/134309"}],"wp:featuredmedia":[{"embeddable":true,"href":"https:\/\/vinasfm.com\/noticias\/wp-json\/wp\/v2\/media\/134308"}],"wp:attachment":[{"href":"https:\/\/vinasfm.com\/noticias\/wp-json\/wp\/v2\/media?parent=134307"}],"wp:term":[{"taxonomy":"category","embeddable":true,"href":"https:\/\/vinasfm.com\/noticias\/wp-json\/wp\/v2\/categories?post=134307"},{"taxonomy":"post_tag","embeddable":true,"href":"https:\/\/vinasfm.com\/noticias\/wp-json\/wp\/v2\/tags?post=134307"}],"curies":[{"name":"wp","href":"https:\/\/api.w.org\/{rel}","templated":true}]}}