{"id":134304,"date":"2024-04-12T08:46:03","date_gmt":"2024-04-12T11:46:03","guid":{"rendered":"https:\/\/vinasfm.com\/noticias\/?p=134304"},"modified":"2024-04-12T14:19:17","modified_gmt":"2024-04-12T17:19:17","slug":"vinateros-de-mendoza-y-de-san-juan-rechazaron-la-apertura-de-la-importacion-de-vinos","status":"publish","type":"post","link":"https:\/\/vinasfm.com\/noticias\/vinateros-de-mendoza-y-de-san-juan-rechazaron-la-apertura-de-la-importacion-de-vinos\/","title":{"rendered":"VI\u00d1ATEROS DE MENDOZA Y DE SAN JUAN RECHAZARON LA APERTURA DE LA IMPORTACI\u00d3N DE VINOS"},"content":{"rendered":"<p><span style=\"color: #000000;\"><strong>Reptresentantes de asociaciones vi\u00f1ateras de Mendoza y de San Juan expresaron su \u00abfirme oposici\u00f3n\u00bb a la importaci\u00f3n de vinos.<\/strong><\/span><\/p>\n<p><span style=\"color: #000000;\">El conflicto por este tema comenz\u00f3 cuando se conoci\u00f3 que el Grupo Pe\u00f1aflor import\u00f3 4 millones de litros de vino de Chile. Luego se supo que por lo menos 4 bodegas m\u00e1s iniciaron los tr\u00e1mites para hacer lo mismo.<\/span><\/p>\n<p><span style=\"color: #000000;\">Desde algunos sectores de la vitivinicultura se alzaron voces en contra de Pe\u00f1aflor pero quie le baj\u00f3 el tono a la pol\u00e9mica fue el ministro de Producci\u00f3n de Mendoza,\u00a0<strong>Rodolfo Vagras Arizu,\u00a0<\/strong>quien pidi\u00f3 no temerles a las importaciones al asegurar que los vinos de la regi\u00f3n son altamente competitivos.<\/span><\/p>\n<p><span style=\"color: #000000;\">No opinaron lo mismo las siete entidades que se manifestaron este mi\u00e9rcoles con un comunicado que titularon:<em><strong>\u00a0\u00abPorque defendemos el trabajo le decimos no a la importaci\u00f3n de vinos y a la especulaci\u00f3n\u00bb.<\/strong><\/em><\/span><\/p>\n<p><span style=\"color: #000000;\">Los que firmaron esta nota afirman que lo hicieron<em><strong> \u00aben representaci\u00f3n de toda la cadena vitivin\u00edcola de las provincias de Mendoza y San Juan\u00bb <\/strong><\/em>y resaltaron <em><strong>\u00abQueremos expresar nuestra firme oposici\u00f3n ante los intentos de importaci\u00f3n de vino, que han generado controversia en el sector\u00bb.<\/strong><\/em><\/span><\/p>\n<h2><span style=\"color: #000000;\">Lo que dice el comunicado de las entidades vi\u00f1ateras de Mendoza y San Juan<\/span><\/h2>\n<p><span style=\"color: #000000;\">El pronunciamiento se\u00f1ala que <strong>\u00abtras lo comunicado por el INV, varios grupos o empresas, adem\u00e1s de las que ya lo hicieron (Pe\u00f1aflor), est\u00e1n iniciando tramites a fines de lograr importar vino. Algunas con el fundamento que niega la disponibilidad de vino gen\u00e9rico en el mercado local, otros con el agraviante en su falta de calidads.\u00a0Declaramos enf\u00e1ticamente que esto constituye una falacia\u00bb.<\/strong><\/span><\/p>\n<p><span style=\"color: #000000;\"><strong>\u00abCreemos que el \u00fanico inter\u00e9s es desequilibrar el mercado local y ejercer presi\u00f3n sobre los precios a la baja<\/strong>. <strong>Estas acciones impactan negativamente en el sector vi\u00f1atero de Mendoza, San Juan y el resto del pa\u00eds, afectando la econom\u00eda y el sustento de numerosas familias productoras\u00bb<\/strong>, suma el documento.<\/span><\/p>\n","protected":false},"excerpt":{"rendered":"<p>Reptresentantes de asociaciones vi\u00f1ateras de Mendoza y de San Juan expresaron su \u00abfirme oposici\u00f3n\u00bb a la importaci\u00f3n de vinos. El conflicto &#8230;<\/p>\n","protected":false},"author":7,"featured_media":134305,"comment_status":"open","ping_status":"open","sticky":false,"template":"","format":"standard","meta":{"footnotes":""},"categories":[5,10],"tags":[],"class_list":["post-134304","post","type-post","status-publish","format-standard","has-post-thumbnail","hentry","category-actualidad","category-destacadas"],"_links":{"self":[{"href":"https:\/\/vinasfm.com\/noticias\/wp-json\/wp\/v2\/posts\/134304","targetHints":{"allow":["GET"]}}],"collection":[{"href":"https:\/\/vinasfm.com\/noticias\/wp-json\/wp\/v2\/posts"}],"about":[{"href":"https:\/\/vinasfm.com\/noticias\/wp-json\/wp\/v2\/types\/post"}],"author":[{"embeddable":true,"href":"https:\/\/vinasfm.com\/noticias\/wp-json\/wp\/v2\/users\/7"}],"replies":[{"embeddable":true,"href":"https:\/\/vinasfm.com\/noticias\/wp-json\/wp\/v2\/comments?post=134304"}],"version-history":[{"count":1,"href":"https:\/\/vinasfm.com\/noticias\/wp-json\/wp\/v2\/posts\/134304\/revisions"}],"predecessor-version":[{"id":134306,"href":"https:\/\/vinasfm.com\/noticias\/wp-json\/wp\/v2\/posts\/134304\/revisions\/134306"}],"wp:featuredmedia":[{"embeddable":true,"href":"https:\/\/vinasfm.com\/noticias\/wp-json\/wp\/v2\/media\/134305"}],"wp:attachment":[{"href":"https:\/\/vinasfm.com\/noticias\/wp-json\/wp\/v2\/media?parent=134304"}],"wp:term":[{"taxonomy":"category","embeddable":true,"href":"https:\/\/vinasfm.com\/noticias\/wp-json\/wp\/v2\/categories?post=134304"},{"taxonomy":"post_tag","embeddable":true,"href":"https:\/\/vinasfm.com\/noticias\/wp-json\/wp\/v2\/tags?post=134304"}],"curies":[{"name":"wp","href":"https:\/\/api.w.org\/{rel}","templated":true}]}}