{"id":134290,"date":"2024-04-11T18:17:55","date_gmt":"2024-04-11T21:17:55","guid":{"rendered":"https:\/\/vinasfm.com\/noticias\/?p=134290"},"modified":"2024-04-11T18:44:45","modified_gmt":"2024-04-11T21:44:45","slug":"los-talleres-municipales-se-convirtieron-en-un-lugar-de-aprendizaje-y-solidaridad","status":"publish","type":"post","link":"https:\/\/vinasfm.com\/noticias\/los-talleres-municipales-se-convirtieron-en-un-lugar-de-aprendizaje-y-solidaridad\/","title":{"rendered":"LOS TALLERES MUNICIPALES SE CONVIRTIERON EN UN LUGAR DE APRENDIZAJE Y SOLIDARIDAD"},"content":{"rendered":"<p><strong>En un emotivo encuentro, representantes del Centro Integrador Comunitario (CIC), agradecieron a los directores de diferentes \u00e1reas por su apoyo en la obtenci\u00f3n de horas c\u00e1tedra, esenciales para el funcionamiento de talleres como costura, marroquiner\u00eda, dibujo y panader\u00eda.<\/strong><\/p>\n<p>Los participantes tuvieron la oportunidad de degustar los productos elaborados en el taller de panader\u00eda, as\u00ed como de sumergirse en la experiencia del \u00abProfe por un D\u00eda\u00bb.<\/p>\n<p>Adem\u00e1s, se destac\u00f3 la importancia de la campa\u00f1a para reunir m\u00e1quinas de coser, con el objetivo de fomentar la ense\u00f1anza de esta habilidad en los barrios. Las inscripciones para los talleres contin\u00faan abiertas, brindando la posibilidad a nuevos alumnos de sumarse a esta enriquecedora experiencia comunitaria.<\/p>\n<p><strong><em>\u201cHoy se hace una exposici\u00f3n, una presentaci\u00f3n de todos estos talleres, estamos acompa\u00f1ando y viendo puntualmente cu\u00e1l es el trabajo que vienen haciendo cada uno de estos vecinos\u201d,<\/em><\/strong> dijo Jos\u00e9 Mor\u00e1n, Director de Educaci\u00f3n.<\/p>\n<p>Alicia Moralez, a cargo de los Talleres del Centro Integrador Comunitario explic\u00f3 que hay talleres de costura, marroquiner\u00eda, dibujo y talleres de panader\u00eda.<\/p>\n<p>Con respecto a la campa\u00f1a de donaci\u00f3n de m\u00e1quinas de coser, Alicia afirm\u00f3 que siguen haciendo falta las m\u00e1quinas de coser <em><strong>\u201cporque, como dije otras veces, es de gran utilidad. En los barrios se necesita, nos han tra\u00eddo algunas m\u00e1quinas y la tenemos que arreglar\u201d<\/strong><\/em>, culmin\u00f3.<\/p>\n<p><a href=\"https:\/\/vinasfm.com\/noticias\/wp-content\/uploads\/2024\/04\/IMG-20240411-WA0014.jpg\"><img loading=\"lazy\" decoding=\"async\" class=\"alignnone size-medium wp-image-134292\" src=\"https:\/\/vinasfm.com\/noticias\/wp-content\/uploads\/2024\/04\/IMG-20240411-WA0014-169x300.jpg\" alt=\"\" width=\"169\" height=\"300\" srcset=\"https:\/\/vinasfm.com\/noticias\/wp-content\/uploads\/2024\/04\/IMG-20240411-WA0014-169x300.jpg 169w, https:\/\/vinasfm.com\/noticias\/wp-content\/uploads\/2024\/04\/IMG-20240411-WA0014-576x1024.jpg 576w, https:\/\/vinasfm.com\/noticias\/wp-content\/uploads\/2024\/04\/IMG-20240411-WA0014-768x1366.jpg 768w, https:\/\/vinasfm.com\/noticias\/wp-content\/uploads\/2024\/04\/IMG-20240411-WA0014-864x1536.jpg 864w, https:\/\/vinasfm.com\/noticias\/wp-content\/uploads\/2024\/04\/IMG-20240411-WA0014.jpg 899w\" sizes=\"auto, (max-width: 169px) 100vw, 169px\" \/><\/a> <a href=\"https:\/\/vinasfm.com\/noticias\/wp-content\/uploads\/2024\/04\/IMG-20240411-WA0013.jpg\"><img loading=\"lazy\" decoding=\"async\" class=\"alignnone size-medium wp-image-134293\" src=\"https:\/\/vinasfm.com\/noticias\/wp-content\/uploads\/2024\/04\/IMG-20240411-WA0013-169x300.jpg\" alt=\"\" width=\"169\" height=\"300\" srcset=\"https:\/\/vinasfm.com\/noticias\/wp-content\/uploads\/2024\/04\/IMG-20240411-WA0013-169x300.jpg 169w, https:\/\/vinasfm.com\/noticias\/wp-content\/uploads\/2024\/04\/IMG-20240411-WA0013-576x1024.jpg 576w, https:\/\/vinasfm.com\/noticias\/wp-content\/uploads\/2024\/04\/IMG-20240411-WA0013-768x1366.jpg 768w, https:\/\/vinasfm.com\/noticias\/wp-content\/uploads\/2024\/04\/IMG-20240411-WA0013-864x1536.jpg 864w, https:\/\/vinasfm.com\/noticias\/wp-content\/uploads\/2024\/04\/IMG-20240411-WA0013.jpg 899w\" sizes=\"auto, (max-width: 169px) 100vw, 169px\" \/><\/a> <a href=\"https:\/\/vinasfm.com\/noticias\/wp-content\/uploads\/2024\/04\/IMG-20240411-WA0011.jpg\"><img loading=\"lazy\" decoding=\"async\" class=\"alignnone size-medium wp-image-134294\" src=\"https:\/\/vinasfm.com\/noticias\/wp-content\/uploads\/2024\/04\/IMG-20240411-WA0011-169x300.jpg\" alt=\"\" width=\"169\" height=\"300\" srcset=\"https:\/\/vinasfm.com\/noticias\/wp-content\/uploads\/2024\/04\/IMG-20240411-WA0011-169x300.jpg 169w, https:\/\/vinasfm.com\/noticias\/wp-content\/uploads\/2024\/04\/IMG-20240411-WA0011-576x1024.jpg 576w, https:\/\/vinasfm.com\/noticias\/wp-content\/uploads\/2024\/04\/IMG-20240411-WA0011-768x1366.jpg 768w, https:\/\/vinasfm.com\/noticias\/wp-content\/uploads\/2024\/04\/IMG-20240411-WA0011-864x1536.jpg 864w, https:\/\/vinasfm.com\/noticias\/wp-content\/uploads\/2024\/04\/IMG-20240411-WA0011.jpg 899w\" sizes=\"auto, (max-width: 169px) 100vw, 169px\" \/><\/a><\/p>\n<p>Este a\u00f1o se implement\u00f3 un novedoso taller que consiste en la creaci\u00f3n de juegos tradicionales. <em><strong>\u00abConsiste en crear juegos de mesa tradicionales as\u00ed como tambi\u00e9n salir a pintar juegos en la v\u00eda p\u00fablica\u00bb,<\/strong><\/em> explic\u00f3 Emanuel Mu\u00f1oz. Adem\u00e1s de darle m\u00e1s vida a distintos rincones de los barrios, este taller invita a comprometerse en el cuidado de los espacios p\u00fablicos. <strong><em>\u00abVamos a comenzar en el Barrio Soemga pero nuestra idea es que se expanda a otros barrios\u00bb,<\/em><\/strong> sostuvo Mu\u00f1oz.<\/p>\n","protected":false},"excerpt":{"rendered":"<p>En un emotivo encuentro, representantes del Centro Integrador Comunitario (CIC), agradecieron a los directores de diferentes \u00e1reas por su apoyo en &#8230;<\/p>\n","protected":false},"author":7,"featured_media":134296,"comment_status":"open","ping_status":"open","sticky":false,"template":"","format":"standard","meta":{"footnotes":""},"categories":[1],"tags":[],"class_list":["post-134290","post","type-post","status-publish","format-standard","has-post-thumbnail","hentry","category-fmvinas"],"_links":{"self":[{"href":"https:\/\/vinasfm.com\/noticias\/wp-json\/wp\/v2\/posts\/134290","targetHints":{"allow":["GET"]}}],"collection":[{"href":"https:\/\/vinasfm.com\/noticias\/wp-json\/wp\/v2\/posts"}],"about":[{"href":"https:\/\/vinasfm.com\/noticias\/wp-json\/wp\/v2\/types\/post"}],"author":[{"embeddable":true,"href":"https:\/\/vinasfm.com\/noticias\/wp-json\/wp\/v2\/users\/7"}],"replies":[{"embeddable":true,"href":"https:\/\/vinasfm.com\/noticias\/wp-json\/wp\/v2\/comments?post=134290"}],"version-history":[{"count":2,"href":"https:\/\/vinasfm.com\/noticias\/wp-json\/wp\/v2\/posts\/134290\/revisions"}],"predecessor-version":[{"id":134299,"href":"https:\/\/vinasfm.com\/noticias\/wp-json\/wp\/v2\/posts\/134290\/revisions\/134299"}],"wp:featuredmedia":[{"embeddable":true,"href":"https:\/\/vinasfm.com\/noticias\/wp-json\/wp\/v2\/media\/134296"}],"wp:attachment":[{"href":"https:\/\/vinasfm.com\/noticias\/wp-json\/wp\/v2\/media?parent=134290"}],"wp:term":[{"taxonomy":"category","embeddable":true,"href":"https:\/\/vinasfm.com\/noticias\/wp-json\/wp\/v2\/categories?post=134290"},{"taxonomy":"post_tag","embeddable":true,"href":"https:\/\/vinasfm.com\/noticias\/wp-json\/wp\/v2\/tags?post=134290"}],"curies":[{"name":"wp","href":"https:\/\/api.w.org\/{rel}","templated":true}]}}