{"id":134268,"date":"2024-04-11T09:57:39","date_gmt":"2024-04-11T12:57:39","guid":{"rendered":"https:\/\/vinasfm.com\/noticias\/?p=134268"},"modified":"2024-04-12T10:16:51","modified_gmt":"2024-04-12T13:16:51","slug":"alianza-educativa-garcia-zalazar-y-ricardo-mansur-acordaron-el-destino-de-los-fondos-que-recibira-rivadavia","status":"publish","type":"post","link":"https:\/\/vinasfm.com\/noticias\/alianza-educativa-garcia-zalazar-y-ricardo-mansur-acordaron-el-destino-de-los-fondos-que-recibira-rivadavia\/","title":{"rendered":"ALIANZA EDUCATIVA: GARC\u00cdA ZALAZAR Y RICARDO MANSUR ACORDARON EL DESTINO DE LOS FONDOS QUE RECIBIR\u00c1 RIVADAVIA"},"content":{"rendered":"<p><span style=\"color: #000000;\"><strong>Se trata de las partidas del financiamiento educativo que la Provincia asigna a los municipios para inversi\u00f3n espec\u00edfica en el sistema.<\/strong><\/span><\/p>\n<p><span style=\"color: #000000;\">El Ministerio de Educaci\u00f3n, Cultura, Infancias y DGE, liderado por Tadeo Garc\u00eda Zalazar, junto con la municipalidad de Rivadavia, encabezada por Ricardo Mansur, firmaron un acuerdo para definir el destino de los fondos coparticipables que la Provincia asigna a los municipios.<\/span><\/p>\n<p><span style=\"color: #000000;\">Estos fondos est\u00e1n estipulados por la Ley Nacional de Financiamiento Educativo que la Naci\u00f3n env\u00eda a la provincia y \u00e9sta coparticipa un porcentaje entre los municipios.<\/span><\/p>\n<p><span style=\"color: #000000;\">Tras la firma, Garc\u00eda Zalazar aclar\u00f3 que se trata de <em><strong>\u201cun convenio anual para determinar los puntos donde se invertir\u00e1 en el sistema educativo\u201d.<\/strong><\/em> De esta manera, <em><strong>\u201ccada municipio prioriza obras espec\u00edficas, las cuales quedan registradas en el convenio firmado con el municipio de Rivadavia\u201d.<\/strong><\/em><\/span><\/p>\n<p><span style=\"color: #000000;\">En ese sentido, explic\u00f3 que algunos fondos se destinar\u00e1n<em><strong> \u201ca la construcci\u00f3n o equipamiento de CEOs, que son servicios de jardines para la primera infancia, y en otros casos, a escuelas\u201d.<\/strong><\/em><\/span><\/p>\n<p><span style=\"color: #000000;\"><em><strong>\u201cTodas estas acciones contribuyen a mejorar, fortalecer y consolidar el sistema educativo, asegurando un plan de inversi\u00f3n a nivel provincial y nacional\u201d<\/strong><\/em>, a\u00f1adi\u00f3 el director general de escuelas.<\/span><\/p>\n<p><span style=\"color: #000000;\">Por su parte, Mansur destac\u00f3 que los fondos del Financiamiento Educativo se destinar\u00e1n a <strong><em>\u201cobras importantes que ya est\u00e1n en proceso y que son esenciales\u201d.<\/em><\/strong><\/span><\/p>\n<p><span style=\"color: #000000;\">Finalmente, subray\u00f3 que, <em><strong>\u201ca trav\u00e9s de este convenio, nos comprometemos a realizar obras espec\u00edficas para continuar trabajando juntos y encontrar nuevas alternativas, infraestructuras y temas que beneficien a la educaci\u00f3n\u201d.<\/strong><\/em><\/span><\/p>\n<h2><span style=\"color: #000000;\"><strong>Trabajo con los municipios<\/strong><\/span><\/h2>\n<p><span style=\"color: #000000;\">Con este acuerdo, los funcionarios iniciaron una acci\u00f3n que abarcar\u00e1 toda la provincia, buscando fortalecer el servicio educativo en todo el territorio mendocino.<\/span><\/p>\n<p><span style=\"color: #000000;\">Este acuerdo en particular detalla y coordina la finalidad que la administraci\u00f3n del municipio de Rivadavia dar\u00e1 al Financiamiento Educativo.<\/span><\/p>\n<p><span style=\"color: #000000;\">Ambas partes establecieron cu\u00e1les ser\u00e1n las obras y trabajos prioritarios para el departamento, incluyendo tareas de refacci\u00f3n, mantenimiento y en su caso, obras que la comuna llevar\u00e1 a cabo en los establecimientos escolares.<\/span><\/p>\n<p><span style=\"color: #000000;\">As\u00ed, tanto el Ministerio como los municipios se unen para planificar el destino de los recursos p\u00fablicos coparticipables, con el objetivo com\u00fan de mejorar la educaci\u00f3n en Mendoza.<\/span><\/p>\n<h3><span style=\"color: #000000;\"><strong>El destino de los fondos en Rivadavia<\/strong><\/span><\/h3>\n<p><span style=\"color: #000000;\">Rivadavia especific\u00f3 que la partida se destinar\u00e1 a tres establecimientos.<\/span><br \/>\n<span style=\"color: #000000;\">En el primero, J105 Patito Colet\u00f3n, se llevar\u00e1n a cabo ampliaciones y diferentes trabajos de mantenimiento, como pintura e instalaciones el\u00e9ctricas y sanitarias.<\/span><\/p>\n<p><span style=\"color: #000000;\">En la Escuela 9-033 Francisco Humberto Tolosa, que alberga niveles primario, secundario y superior, se realizar\u00e1 una ampliaci\u00f3n y se instalar\u00e1 un ascensor para los estudiantes con movilidad reducida.<\/span><\/p>\n<p><span style=\"color: #000000;\">Finalmente, se construir\u00e1 un edificio destinado a un Jard\u00edn Maternal.<\/span><\/p>\n","protected":false},"excerpt":{"rendered":"<p>Se trata de las partidas del financiamiento educativo que la Provincia asigna a los municipios para inversi\u00f3n espec\u00edfica en el sistema. &#8230;<\/p>\n","protected":false},"author":7,"featured_media":134270,"comment_status":"open","ping_status":"open","sticky":false,"template":"","format":"standard","meta":{"footnotes":""},"categories":[5,18],"tags":[],"class_list":["post-134268","post","type-post","status-publish","format-standard","has-post-thumbnail","hentry","category-actualidad","category-educacion"],"_links":{"self":[{"href":"https:\/\/vinasfm.com\/noticias\/wp-json\/wp\/v2\/posts\/134268","targetHints":{"allow":["GET"]}}],"collection":[{"href":"https:\/\/vinasfm.com\/noticias\/wp-json\/wp\/v2\/posts"}],"about":[{"href":"https:\/\/vinasfm.com\/noticias\/wp-json\/wp\/v2\/types\/post"}],"author":[{"embeddable":true,"href":"https:\/\/vinasfm.com\/noticias\/wp-json\/wp\/v2\/users\/7"}],"replies":[{"embeddable":true,"href":"https:\/\/vinasfm.com\/noticias\/wp-json\/wp\/v2\/comments?post=134268"}],"version-history":[{"count":2,"href":"https:\/\/vinasfm.com\/noticias\/wp-json\/wp\/v2\/posts\/134268\/revisions"}],"predecessor-version":[{"id":134318,"href":"https:\/\/vinasfm.com\/noticias\/wp-json\/wp\/v2\/posts\/134268\/revisions\/134318"}],"wp:featuredmedia":[{"embeddable":true,"href":"https:\/\/vinasfm.com\/noticias\/wp-json\/wp\/v2\/media\/134270"}],"wp:attachment":[{"href":"https:\/\/vinasfm.com\/noticias\/wp-json\/wp\/v2\/media?parent=134268"}],"wp:term":[{"taxonomy":"category","embeddable":true,"href":"https:\/\/vinasfm.com\/noticias\/wp-json\/wp\/v2\/categories?post=134268"},{"taxonomy":"post_tag","embeddable":true,"href":"https:\/\/vinasfm.com\/noticias\/wp-json\/wp\/v2\/tags?post=134268"}],"curies":[{"name":"wp","href":"https:\/\/api.w.org\/{rel}","templated":true}]}}